{"id":7942,"date":"2023-08-11T13:59:54","date_gmt":"2023-08-11T13:59:54","guid":{"rendered":"https:\/\/demo.ia.gl\/finanslovsforhandlinger-maa-fremover-starte-tidligere-oensker-ias-inatsisartutgruppe\/"},"modified":"2024-07-14T20:46:59","modified_gmt":"2024-07-14T20:46:59","slug":"finanslovsforhandlinger-maa-fremover-starte-tidligere-oensker-ias-inatsisartutgruppe","status":"publish","type":"post","link":"https:\/\/ia.gl\/kl\/finanslovsforhandlinger-maa-fremover-starte-tidligere-oensker-ias-inatsisartutgruppe\/","title":{"rendered":"Finanslovsforhandlinger m\u00e5 fremover starte tidligere &#8211; \u00f8nsker IA\u2019s Inatsisartutgruppe"},"content":{"rendered":"<p style=\"text-align: center;\"><strong>Finanslovsforhandlinger m\u00e5 fremover starte tidligere<\/strong><\/p>\n<p style=\"text-align: center;\"><strong>&#8211; \u00f8nsker IA\u2019s Inatsisartutgruppe<\/strong><\/p>\n<p>Naalakkersuisuts forslag til finanslov for n\u00e6ste \u00e5r blev fremlagt for offentligheden i tirsdags. De egentlige forhandlinger mellem partierne og Naalakkersuisoq for Finanser starter traditionen tro efter 1. behandlingen i Inatsisartut ultimo september.<\/p>\n<ul>\n<li>Vi \u00f8nsker at den overordnede finanslovdebet fremover skal foreg\u00e5 primo september. Ligesom vi \u00f8nsker at denne debat sker i Inatsisartut, hvor partiernes finansordf\u00f8rere freml\u00e6gger partiets \u00f8nsker og krav til finansloven.<\/li>\n<li>Vi ser frem til oph\u00e6velsen af den gensidige fors\u00f8rgerpligt for vore pensionister. Endelig.<\/li>\n<li>Vi \u00f8nsker fokus p\u00e5 dr\u00f8ftelser, forhandlinger og beslutninger, der skal sikre \u00f8gede indt\u00e6gter til Landskassen gennem en styrket erhvervsudvikling.<\/li>\n<li>Tiden er kommet til at de n\u00f8dvendige reformer tager form og besluttes.<\/li>\n<\/ul>\n<p>Asii Chemnitz Narup<\/p>\n<p>Finansordf\u00f8rer<\/p>\n","protected":false},"excerpt":{"rendered":"<p>Finanslovsforhandlinger m\u00e5 fremover starte tidligere &#8211; \u00f8nsker IA\u2019s Inatsisartutgruppe Naalakkersuisuts forslag til finanslov for n\u00e6ste \u00e5r blev fremlagt for offentligheden i tirsdags. De egentlige forhandlinger mellem partierne og Naalakkersuisoq for Finanser starter traditionen tro efter 1. behandlingen i Inatsisartut ultimo september. Vi \u00f8nsker at den overordnede finanslovdebet fremover skal foreg\u00e5 primo september. Ligesom vi \u00f8nsker [&hellip;]<\/p>\n","protected":false},"author":1,"featured_media":2828,"comment_status":"closed","ping_status":"closed","sticky":false,"template":"","format":"standard","meta":{"footnotes":""},"categories":[19],"tags":[],"class_list":["post-7942","post","type-post","status-publish","format-standard","has-post-thumbnail","hentry","category-seneste-nyheder-inuit-ataqatigiit"],"_links":{"self":[{"href":"https:\/\/ia.gl\/kl\/wp-json\/wp\/v2\/posts\/7942","targetHints":{"allow":["GET"]}}],"collection":[{"href":"https:\/\/ia.gl\/kl\/wp-json\/wp\/v2\/posts"}],"about":[{"href":"https:\/\/ia.gl\/kl\/wp-json\/wp\/v2\/types\/post"}],"author":[{"embeddable":true,"href":"https:\/\/ia.gl\/kl\/wp-json\/wp\/v2\/users\/1"}],"replies":[{"embeddable":true,"href":"https:\/\/ia.gl\/kl\/wp-json\/wp\/v2\/comments?post=7942"}],"version-history":[{"count":1,"href":"https:\/\/ia.gl\/kl\/wp-json\/wp\/v2\/posts\/7942\/revisions"}],"predecessor-version":[{"id":7943,"href":"https:\/\/ia.gl\/kl\/wp-json\/wp\/v2\/posts\/7942\/revisions\/7943"}],"wp:featuredmedia":[{"embeddable":true,"href":"https:\/\/ia.gl\/kl\/wp-json\/wp\/v2\/media\/2828"}],"wp:attachment":[{"href":"https:\/\/ia.gl\/kl\/wp-json\/wp\/v2\/media?parent=7942"}],"wp:term":[{"taxonomy":"category","embeddable":true,"href":"https:\/\/ia.gl\/kl\/wp-json\/wp\/v2\/categories?post=7942"},{"taxonomy":"post_tag","embeddable":true,"href":"https:\/\/ia.gl\/kl\/wp-json\/wp\/v2\/tags?post=7942"}],"curies":[{"name":"wp","href":"https:\/\/api.w.org\/{rel}","templated":true}]}}