{"id":7888,"date":"2023-04-20T14:27:39","date_gmt":"2023-04-20T14:27:39","guid":{"rendered":"https:\/\/demo.ia.gl\/lad-os-handle-politisk-vedroerende-trafikale-forhold\/"},"modified":"2024-07-14T20:46:57","modified_gmt":"2024-07-14T20:46:57","slug":"lad-os-handle-politisk-vedroerende-trafikale-forhold","status":"publish","type":"post","link":"https:\/\/ia.gl\/kl\/lad-os-handle-politisk-vedroerende-trafikale-forhold\/","title":{"rendered":"Lad os handle politisk vedr\u00f8rende trafikale forhold"},"content":{"rendered":"<p>Der er i disse dage problemer med afviklingen af b\u00e5de fly og skibstrafikken. Inuit Ataqatigiit mener ikke, at vejrbestemte problemer ikke skal v\u00e6re en sovepude for politiske beslutninger.<\/p>\n<p>Inuit Ataqatigiit vil p\u00e5 det kraftigste opfordre Naalakkersuisut om at genvurdere serviceaftalerne generelt. Manglende handling er ansvarsforflygtigelse. 2 atlantlufthavne st\u00e5r til at blive taget i brug, og serviceaftalerne er ikke tilpasset til de kommende forhold.<\/p>\n<p>Inuit Ataqatigiit vil foresl\u00e5 at den ansvarlige Naalakkersuisoq indleder samtaler med partierne. Vi h\u00e5ber at samtalerne vil indeholde vurderinger og indstillinger vedr\u00f8rende kvaliteten af befordringen af borgerne. Tiden er inde til at der udarbejdes en trafikstruktur der ser p\u00e5 hele vores vidtstrakte land under et.<\/p>\n<p>Mikivsuk Thomassen<\/p>\n<p>Medlem af Inatsisartut, Inuit Ataqatigiit<\/p>\n","protected":false},"excerpt":{"rendered":"<p>Der er i disse dage problemer med afviklingen af b\u00e5de fly og skibstrafikken. Inuit Ataqatigiit mener ikke, at vejrbestemte problemer ikke skal v\u00e6re en sovepude for politiske beslutninger. Inuit Ataqatigiit vil p\u00e5 det kraftigste opfordre Naalakkersuisut om at genvurdere serviceaftalerne generelt. Manglende handling er ansvarsforflygtigelse. 2 atlantlufthavne st\u00e5r til at blive taget i brug, og [&hellip;]<\/p>\n","protected":false},"author":1,"featured_media":2804,"comment_status":"closed","ping_status":"closed","sticky":false,"template":"","format":"standard","meta":{"footnotes":""},"categories":[19],"tags":[],"class_list":["post-7888","post","type-post","status-publish","format-standard","has-post-thumbnail","hentry","category-seneste-nyheder-inuit-ataqatigiit"],"_links":{"self":[{"href":"https:\/\/ia.gl\/kl\/wp-json\/wp\/v2\/posts\/7888","targetHints":{"allow":["GET"]}}],"collection":[{"href":"https:\/\/ia.gl\/kl\/wp-json\/wp\/v2\/posts"}],"about":[{"href":"https:\/\/ia.gl\/kl\/wp-json\/wp\/v2\/types\/post"}],"author":[{"embeddable":true,"href":"https:\/\/ia.gl\/kl\/wp-json\/wp\/v2\/users\/1"}],"replies":[{"embeddable":true,"href":"https:\/\/ia.gl\/kl\/wp-json\/wp\/v2\/comments?post=7888"}],"version-history":[{"count":1,"href":"https:\/\/ia.gl\/kl\/wp-json\/wp\/v2\/posts\/7888\/revisions"}],"predecessor-version":[{"id":7889,"href":"https:\/\/ia.gl\/kl\/wp-json\/wp\/v2\/posts\/7888\/revisions\/7889"}],"wp:featuredmedia":[{"embeddable":true,"href":"https:\/\/ia.gl\/kl\/wp-json\/wp\/v2\/media\/2804"}],"wp:attachment":[{"href":"https:\/\/ia.gl\/kl\/wp-json\/wp\/v2\/media?parent=7888"}],"wp:term":[{"taxonomy":"category","embeddable":true,"href":"https:\/\/ia.gl\/kl\/wp-json\/wp\/v2\/categories?post=7888"},{"taxonomy":"post_tag","embeddable":true,"href":"https:\/\/ia.gl\/kl\/wp-json\/wp\/v2\/tags?post=7888"}],"curies":[{"name":"wp","href":"https:\/\/api.w.org\/{rel}","templated":true}]}}