{"id":7884,"date":"2023-04-14T18:12:40","date_gmt":"2023-04-14T18:12:40","guid":{"rendered":"https:\/\/demo.ia.gl\/75-aar-med-aegte-demokrati-nu-skal-vi-endnu-et-skridt-fremad\/"},"modified":"2024-07-14T20:46:57","modified_gmt":"2024-07-14T20:46:57","slug":"75-aar-med-aegte-demokrati-nu-skal-vi-endnu-et-skridt-fremad","status":"publish","type":"post","link":"https:\/\/ia.gl\/kl\/75-aar-med-aegte-demokrati-nu-skal-vi-endnu-et-skridt-fremad\/","title":{"rendered":"75 \u00c5R MED \u00c6GTE DEMOKRATI &#8211; NU SKAL VI ENDNU ET SKRIDT FREMAD"},"content":{"rendered":"<p><strong>I anledning af 75-\u00e5ret for kvinders valgret i Gr\u00f8nland opfordrer IA til at se p\u00e5, hvordan flere kvinder f\u00e5r mulighed for at lade deres stemme h\u00f8re fremover. Der er stadig mange kampe, der skal k\u00e6mpes for at opn\u00e5 ligestilling mellem kvinder og m\u00e6nd.<\/strong><\/p>\n<p>&nbsp;<\/p>\n<p>Den 15. april 2023 er det 75 \u00e5r siden, kvinder fik valgret i Gr\u00f8nland. N\u00e6sten 100 \u00e5r senere end de gr\u00f8nlandske m\u00e6nd. Dermed blev vi i 1948 endelig et \u00e6gte demokrati med repr\u00e6sentation fra hele befolkningen.<\/p>\n<p>\u201cDet er v\u00e6rd at fejre, for beslutninger bliver kun bedre, n\u00e5r alle de som beslutninger p\u00e5virker, har mulighed for at blive h\u00f8rt og \u00f8ve indflydelse\u201d, siger ligestillingsordf\u00f8rer Asii Chemnitz Narup og forts\u00e6tter: \u201cI vores traditionelle livsform var m\u00e6nd og kvinder n\u00f8dt til at komplementere hinanden og samarbejde &#8211; simpelthen for at overleve. I vores moderne samfund er vi n\u00f8dt til det, fordi sammens\u00e6tningen af forskellige tankes\u00e6t og erfaringer f\u00f8rer til bedre beslutninger, end hvis det kun er den ene halvdel af befolkningen, der bliver tr\u00e6ffer beslutninger.\u201d<\/p>\n<p>\u201cSiden 1948 har Gr\u00f8nland set en perler\u00e6kke af st\u00e6rke kvinder i politik. Fra Elisabeth Johansen, der som den f\u00f8rste kvinde blev valgt til Gr\u00f8nlands Landsr\u00e5d i 1959 og Guldborg Chemnitz, der som den f\u00f8rste kvinde blev valgt til Kommunalbestyrelsen i Nuuk i 1951 &#8211; \u00a0til vores dages Naalakkersuisut, Inatsisartutmedlemmer, Kommunalpolitikere, bygdebestyrelsesmedlemmer og Folketingsmedlemmer. Eksemplerne er mange og v\u00e6rd at v\u00e6re stolte af og fejre.<\/p>\n<p>Men en rettighed er kun noget v\u00e6rd, hvis den bliver brugt. Og vi har stadig en hel del omr\u00e5der i gr\u00f8nlandsk politik, hvor vi fortsat m\u00e5 k\u00e6mpe for at opn\u00e5 ligestilling mellem kvinder og m\u00e6nd\u201d, siger hun.<\/p>\n<p>Sammens\u00e6tningen i bygdebestyrelserne er et eksempel p\u00e5, at der mangler kvindelig repr\u00e6sentation: 30 ud af de 106 bygdebestyrelsesmedlemmer er kvinder.<\/p>\n<p>Blandt Inatsisartuts 31medlemmer er kun 8 kvinder. I Naalakkersuisut er kun 3 ud af 10 kvinder.<\/p>\n<p>Noget af forklaringen kan ligge i den m\u00e5de, det politiske \u00e5rshjul i Inatsisartut er sammensat p\u00e5. \u201cVi har valgt en struktur, hvor vi har nogle ekstremt intensive politiske samlinger 2 gange om \u00e5ret, hvor alle d\u00f8gnets v\u00e5gne timer og lidt til bruges p\u00e5 det politiske arbejde. Strukturen er b\u00e5de familiefjendsk og demokratiuvenlig.<\/p>\n<p>Heldigvis er der konsensus blandt alle 5 partier om, at der skal ske en markant fornyelse \u2013 og det er p\u00e5 h\u00f8je tid. Det kan ikke g\u00e5 hurtigt nok.<\/p>\n<p>Af lige s\u00e5 vigtige samfundsm\u00e6ssige ligestillingsdagsordener skal der k\u00e6mpes for er: ligel\u00f8n og ligestilling p\u00e5 arbejdsmarkedet, trygge forhold i hjemmet og p\u00e5 gaden, fri for vold og overgreb, \u00f8get \u00f8konomisk lighed.<\/p>\n","protected":false},"excerpt":{"rendered":"<p>I anledning af 75-\u00e5ret for kvinders valgret i Gr\u00f8nland opfordrer IA til at se p\u00e5, hvordan flere kvinder f\u00e5r mulighed for at lade deres stemme h\u00f8re fremover. Der er stadig mange kampe, der skal k\u00e6mpes for at opn\u00e5 ligestilling mellem kvinder og m\u00e6nd. &nbsp; Den 15. april 2023 er det 75 \u00e5r siden, kvinder fik [&hellip;]<\/p>\n","protected":false},"author":1,"featured_media":2828,"comment_status":"closed","ping_status":"closed","sticky":false,"template":"","format":"standard","meta":{"footnotes":""},"categories":[19],"tags":[],"class_list":["post-7884","post","type-post","status-publish","format-standard","has-post-thumbnail","hentry","category-seneste-nyheder-inuit-ataqatigiit"],"_links":{"self":[{"href":"https:\/\/ia.gl\/kl\/wp-json\/wp\/v2\/posts\/7884","targetHints":{"allow":["GET"]}}],"collection":[{"href":"https:\/\/ia.gl\/kl\/wp-json\/wp\/v2\/posts"}],"about":[{"href":"https:\/\/ia.gl\/kl\/wp-json\/wp\/v2\/types\/post"}],"author":[{"embeddable":true,"href":"https:\/\/ia.gl\/kl\/wp-json\/wp\/v2\/users\/1"}],"replies":[{"embeddable":true,"href":"https:\/\/ia.gl\/kl\/wp-json\/wp\/v2\/comments?post=7884"}],"version-history":[{"count":1,"href":"https:\/\/ia.gl\/kl\/wp-json\/wp\/v2\/posts\/7884\/revisions"}],"predecessor-version":[{"id":7885,"href":"https:\/\/ia.gl\/kl\/wp-json\/wp\/v2\/posts\/7884\/revisions\/7885"}],"wp:featuredmedia":[{"embeddable":true,"href":"https:\/\/ia.gl\/kl\/wp-json\/wp\/v2\/media\/2828"}],"wp:attachment":[{"href":"https:\/\/ia.gl\/kl\/wp-json\/wp\/v2\/media?parent=7884"}],"wp:term":[{"taxonomy":"category","embeddable":true,"href":"https:\/\/ia.gl\/kl\/wp-json\/wp\/v2\/categories?post=7884"},{"taxonomy":"post_tag","embeddable":true,"href":"https:\/\/ia.gl\/kl\/wp-json\/wp\/v2\/tags?post=7884"}],"curies":[{"name":"wp","href":"https:\/\/api.w.org\/{rel}","templated":true}]}}