{"id":7828,"date":"2022-12-07T14:21:16","date_gmt":"2022-12-07T14:21:16","guid":{"rendered":"https:\/\/demo.ia.gl\/det-kraever-aendringer-for-skabe-oekonomisk-raaderum-til-dem-der-har-mindst\/"},"modified":"2024-07-14T20:46:55","modified_gmt":"2024-07-14T20:46:55","slug":"det-kraever-aendringer-for-skabe-oekonomisk-raaderum-til-dem-der-har-mindst","status":"publish","type":"post","link":"https:\/\/ia.gl\/kl\/det-kraever-aendringer-for-skabe-oekonomisk-raaderum-til-dem-der-har-mindst\/","title":{"rendered":"Det kr\u00e6ver \u00e6ndringer for skabe \u00f8konomisk r\u00e5derum til dem der har mindst"},"content":{"rendered":"<p><strong>Pressemeddelelse\u00a0\u00a0<\/strong><\/p>\n<p><strong>Det kr\u00e6ver \u00e6ndringer for skabe \u00f8konomisk r\u00e5derum til dem der har mindst<\/strong><\/p>\n<p>Der er kritik over de \u00e6ndringer i beskatning der blev indf\u00f8rt sidste \u00e5r, hvor arbejdsfrie goder beskattes h\u00e5rdere fri bil, internet, telefon osv.<\/p>\n<p>\u00c6ndringerne er i tr\u00e5d med Inuit Ataqatigiits politik, nemlig om at skabe mere lighed og mere r\u00e5derum til dem der har mindst.<\/p>\n<p>Der skal ikke v\u00e6re i tvilv om at Inuit Ataqatigiit arbejder for at skabe mere r\u00e5derum i \u00f8konomien &#8211; hos dem der har mindst. Det kr\u00e6ver at dem der har mest giver lidt mere, da vi ikke \u00f8nsker at h\u00e6ve skatten p\u00e5 arbejde, -s\u00e5 derfor ser vi meget naturligt p\u00e5 de arbejdsfri indkomster\/goder.<\/p>\n<p>Det virker ikke uretf\u00e6rdigt p\u00e5 os, at man beskattes hvis man har en fri bil eller f\u00e5r betalt sin mobil. Hvis man ikke \u00f8nsker dette kan man jo v\u00e6lge den fra.<\/p>\n<p>N\u00e5r vi laver regler bliver de n\u00f8dt til at v\u00e6re lidt firkantede. S\u00e5 ja, du bliver beskattet af den mad du f\u00e5r gratis p\u00e5 dit arbejde, hvis du spiser der. Det er et gode du f\u00e5r og som du ellers vil skulle betale selv. Vi kan altid se p\u00e5 reglerne og vurdere om de fortsat er retf\u00e6rdige, men vi kan ikke g\u00e5 p\u00e5 kompromis med at nogen skal v\u00e6re med til at betale for samfundets kerneydelser og for det stigende antal \u00e6ldre, som vi ogs\u00e5 \u00f8nsker f\u00e5r en god alderdom. Dette h\u00e6nger n\u00f8je sammen.<\/p>\n<p>Lad os pr\u00e6cisere at man ikke beskattes af sin f\u00f8rste feriefrirejse, men af den anden. Det vil sige at man skattefrit kan f\u00e5 een frirejse om \u00e5ret betalt af sin arbejdsgiver. Og i forbindelse med finansloven skrottede vi den nye regel om at man beskattes hvis man holder 5 dage fri i forbindelse med en tjenesterejse. Det vil sige at reglerne for feriefrirejser er helt de samme som de har v\u00e6ret de sidste tyve \u00e5r.<\/p>\n<p>Hvordan vi hiver penge ind fra skatter og afgifter skal vi debattere i skattereformarbejdet. Inuit Ataqatigiit g\u00e5r ind for et mere retf\u00e6rdigt skattesystem, og vi arbejder for at dem med laveste indt\u00e6gter f\u00e5r mere mellem h\u00e6nderne.<\/p>\n<p>Vi skal t\u00f8r at v\u00e6re realistiske. Vi ved at der bliver flere \u00e6ldre og vi ved at folks forventninger til offentlige er rimelige og bliver ved med at stige. Derfor skal vi sikre gratis uddannelse, gratis sundhedsv\u00e6sen, penge til servicekontrakter osv. &#8211; de penge kommer fra folket og fra afgifter og fra bloktilskuddet og EU.<\/p>\n<p>Vi tager ansvaret for vores beslutninger og tager de sv\u00e6re prioriteringer, alt andet vil v\u00e6re uansvarligt.<\/p>\n<p>&nbsp;<\/p>\n<p>Agathe Fontain,<\/p>\n<p>Inatsisartut gruppens politisk ordf\u00f8rer<\/p>\n","protected":false},"excerpt":{"rendered":"<p>Pressemeddelelse\u00a0\u00a0 Det kr\u00e6ver \u00e6ndringer for skabe \u00f8konomisk r\u00e5derum til dem der har mindst Der er kritik over de \u00e6ndringer i beskatning der blev indf\u00f8rt sidste \u00e5r, hvor arbejdsfrie goder beskattes h\u00e5rdere fri bil, internet, telefon osv. \u00c6ndringerne er i tr\u00e5d med Inuit Ataqatigiits politik, nemlig om at skabe mere lighed og mere r\u00e5derum til dem [&hellip;]<\/p>\n","protected":false},"author":1,"featured_media":2820,"comment_status":"closed","ping_status":"closed","sticky":false,"template":"","format":"standard","meta":{"footnotes":""},"categories":[19],"tags":[],"class_list":["post-7828","post","type-post","status-publish","format-standard","has-post-thumbnail","hentry","category-seneste-nyheder-inuit-ataqatigiit"],"_links":{"self":[{"href":"https:\/\/ia.gl\/kl\/wp-json\/wp\/v2\/posts\/7828","targetHints":{"allow":["GET"]}}],"collection":[{"href":"https:\/\/ia.gl\/kl\/wp-json\/wp\/v2\/posts"}],"about":[{"href":"https:\/\/ia.gl\/kl\/wp-json\/wp\/v2\/types\/post"}],"author":[{"embeddable":true,"href":"https:\/\/ia.gl\/kl\/wp-json\/wp\/v2\/users\/1"}],"replies":[{"embeddable":true,"href":"https:\/\/ia.gl\/kl\/wp-json\/wp\/v2\/comments?post=7828"}],"version-history":[{"count":1,"href":"https:\/\/ia.gl\/kl\/wp-json\/wp\/v2\/posts\/7828\/revisions"}],"predecessor-version":[{"id":7829,"href":"https:\/\/ia.gl\/kl\/wp-json\/wp\/v2\/posts\/7828\/revisions\/7829"}],"wp:featuredmedia":[{"embeddable":true,"href":"https:\/\/ia.gl\/kl\/wp-json\/wp\/v2\/media\/2820"}],"wp:attachment":[{"href":"https:\/\/ia.gl\/kl\/wp-json\/wp\/v2\/media?parent=7828"}],"wp:term":[{"taxonomy":"category","embeddable":true,"href":"https:\/\/ia.gl\/kl\/wp-json\/wp\/v2\/categories?post=7828"},{"taxonomy":"post_tag","embeddable":true,"href":"https:\/\/ia.gl\/kl\/wp-json\/wp\/v2\/tags?post=7828"}],"curies":[{"name":"wp","href":"https:\/\/api.w.org\/{rel}","templated":true}]}}