{"id":7736,"date":"2022-05-11T15:47:40","date_gmt":"2022-05-11T15:47:40","guid":{"rendered":"https:\/\/demo.ia.gl\/med-den-kommende-udbygning-af-vandkraftvaerkerne-kommer-vi-op-paa-at-daekke-90-procent-af-det-groenlandske-elforbrug\/"},"modified":"2024-07-14T20:46:51","modified_gmt":"2024-07-14T20:46:51","slug":"med-den-kommende-udbygning-af-vandkraftvaerkerne-kommer-vi-op-paa-at-daekke-90-procent-af-det-groenlandske-elforbrug","status":"publish","type":"post","link":"https:\/\/ia.gl\/kl\/med-den-kommende-udbygning-af-vandkraftvaerkerne-kommer-vi-op-paa-at-daekke-90-procent-af-det-groenlandske-elforbrug\/","title":{"rendered":"Med den kommende udbygning af vandkraftv\u00e6rkerne kommer vi op p\u00e5 at d\u00e6kke 90 procent af det gr\u00f8nlandske elforbrug"},"content":{"rendered":"<p style=\"background: white; vertical-align: baseline; margin: 0cm 0cm 12.0pt 0cm;\">Kalistat Lund synes, at det er naturligt at Gr\u00f8nland g\u00e5r med.<\/p>\n<p style=\"background: white; vertical-align: baseline; font-variant-ligatures: normal; font-variant-caps: normal; font-variant-numeric: inherit; font-variant-east-asian: inherit; font-stretch: inherit; orphans: 2; text-align: start; widows: 2; -webkit-text-stroke-width: 0px; text-decoration-thickness: initial; text-decoration-style: initial; text-decoration-color: initial; word-spacing: 0px; margin: 0cm 0cm 12.0pt 0cm;\">&#8211; Med den kommende udbygning af vandkraftv\u00e6rkerne kommer vi op p\u00e5 at d\u00e6kke 90 procent af det gr\u00f8nlandske elforbrug. Men vi kan komme videre endnu og blive en eksport\u00f8r af fossilfri energi.<\/p>\n<p style=\"background: white; vertical-align: baseline; font-variant-ligatures: normal; font-variant-caps: normal; font-variant-numeric: inherit; font-variant-east-asian: inherit; font-stretch: inherit; orphans: 2; text-align: start; widows: 2; -webkit-text-stroke-width: 0px; text-decoration-thickness: initial; text-decoration-style: initial; text-decoration-color: initial; word-spacing: 0px; margin: 0cm 0cm 12.0pt 0cm;\">&#8211; Det skal vi g\u00f8re for vore b\u00f8rn og b\u00f8rneb\u00f8rns skyld. Den, der har evnerne, har ogs\u00e5 pligten, s\u00e5 derfor skal Gr\u00f8nland hj\u00e6lpe verden af med fossilbr\u00e6ndslet. Vi har kraften, siger Kalistat Lund.&nbsp;<\/p>\n","protected":false},"excerpt":{"rendered":"<p>Kalistat Lund synes, at det er naturligt at Gr\u00f8nland g\u00e5r med. &#8211; Med den kommende udbygning af vandkraftv\u00e6rkerne kommer vi op p\u00e5 at d\u00e6kke 90 procent af det gr\u00f8nlandske elforbrug. Men vi kan komme videre endnu og blive en eksport\u00f8r af fossilfri energi. &#8211; Det skal vi g\u00f8re for vore b\u00f8rn og b\u00f8rneb\u00f8rns skyld. Den, [&hellip;]<\/p>\n","protected":false},"author":1,"featured_media":2713,"comment_status":"closed","ping_status":"closed","sticky":false,"template":"","format":"standard","meta":{"footnotes":""},"categories":[19],"tags":[],"class_list":["post-7736","post","type-post","status-publish","format-standard","has-post-thumbnail","hentry","category-seneste-nyheder-inuit-ataqatigiit"],"_links":{"self":[{"href":"https:\/\/ia.gl\/kl\/wp-json\/wp\/v2\/posts\/7736","targetHints":{"allow":["GET"]}}],"collection":[{"href":"https:\/\/ia.gl\/kl\/wp-json\/wp\/v2\/posts"}],"about":[{"href":"https:\/\/ia.gl\/kl\/wp-json\/wp\/v2\/types\/post"}],"author":[{"embeddable":true,"href":"https:\/\/ia.gl\/kl\/wp-json\/wp\/v2\/users\/1"}],"replies":[{"embeddable":true,"href":"https:\/\/ia.gl\/kl\/wp-json\/wp\/v2\/comments?post=7736"}],"version-history":[{"count":1,"href":"https:\/\/ia.gl\/kl\/wp-json\/wp\/v2\/posts\/7736\/revisions"}],"predecessor-version":[{"id":7737,"href":"https:\/\/ia.gl\/kl\/wp-json\/wp\/v2\/posts\/7736\/revisions\/7737"}],"wp:featuredmedia":[{"embeddable":true,"href":"https:\/\/ia.gl\/kl\/wp-json\/wp\/v2\/media\/2713"}],"wp:attachment":[{"href":"https:\/\/ia.gl\/kl\/wp-json\/wp\/v2\/media?parent=7736"}],"wp:term":[{"taxonomy":"category","embeddable":true,"href":"https:\/\/ia.gl\/kl\/wp-json\/wp\/v2\/categories?post=7736"},{"taxonomy":"post_tag","embeddable":true,"href":"https:\/\/ia.gl\/kl\/wp-json\/wp\/v2\/tags?post=7736"}],"curies":[{"name":"wp","href":"https:\/\/api.w.org\/{rel}","templated":true}]}}