{"id":7634,"date":"2021-02-01T12:38:49","date_gmt":"2021-02-01T12:38:49","guid":{"rendered":"https:\/\/demo.ia.gl\/vores-land-skal-ikke-styres-fra-udlandet\/"},"modified":"2024-07-14T20:46:47","modified_gmt":"2024-07-14T20:46:47","slug":"vores-land-skal-ikke-styres-fra-udlandet","status":"publish","type":"post","link":"https:\/\/ia.gl\/kl\/vores-land-skal-ikke-styres-fra-udlandet\/","title":{"rendered":"VORES LAND SKAL IKKE STYRES FRA UDLANDET"},"content":{"rendered":"\n<p><strong>Der er klare udmeldinger om midlertidig indstilling samt udskydelse af h\u00f8ringen om Kuannersuit, desuagtet er det ny krystalklart at Naalakkersuisut er blevet d\u00f8ve og nu styres helt og aldeles af GML<\/strong>.<\/p>\n\n\n\n<p>Den udvikling som nu sker fra dag til dag, er chokerende og giver afmagt. Jeg mener at man nu i st\u00f8rre grad end tidligere skader demokratiet. Hvem der styrer om Kuannersuit synes nu sk\u00e5ret helt ud i pap. &nbsp;<\/p>\n\n\n\n<p>Partiet Siumut er delt i flere fraktioner og desv\u00e6rre kan vi ikke se hvad den nye formand og hovedbestyrelse er i stand til at ud\u00f8ve. Dette selv om den nye n\u00e6stformand har haft en velbegrundet udmelding om udskydelse af h\u00f8ringen, men uden resultat. Hvad ang\u00e5r vores frustrationer f\u00f8les det nu som en undvigeman\u00f8vre som kun skaber falske forh\u00e5bninger. For nu har man valgt at se helt v\u00e6k fra de menneskelige aspekter i sagen og udelukkende er begyndt at fokusere p\u00e5 penge og magt.<\/p>\n\n\n\n<p>Hvor er den nye formand? Hvad mener han i det hele taget?<\/p>\n\n\n\n<p>Demokraatit har nu overtaget styringen af landet, idet de siden deres indtr\u00e6delse har fors\u00f8gt at overtage ledelsen af landet, og vi kan nu sige, at de nu har kastet bolden videre til embedsv\u00e6rket og GML efter deres succesfulde magtovertagelse. Nu er landet mere splittet end nogensinde f\u00f8r, og manglende respekt for samfundet har afstedf\u00f8rt stadigv\u00e6k st\u00e6rkere handlinger fra befolkningens side.<\/p>\n\n\n\n<p>K\u00e6re Naalakkersuisoq for R\u00e5stoffer uden folkeligt mandat, du har som Naalakkersuisoq udvidet pligt til at handle ydmygt ud fra samfundets krav, men udviser kun ydmyghed fra de udenlandske tyve der \u00f8nsker at plyndre Gr\u00f8nland.<\/p>\n\n\n\n<p>Vi som samfund m\u00e5 kr\u00e6ve at Inatsisartut hurtigst muligt indkaldes til m\u00f8de for at indstille h\u00f8ringerne.<\/p>\n\n\n\n<p>Naja Lund<\/p>\n\n\n\n<p>Inuit Ataqatuigiit<\/p>\n\n\n\n<p>Kommune Kujalleq.<\/p>\n","protected":false},"excerpt":{"rendered":"<p>Der er klare udmeldinger om midlertidig indstilling samt udskydelse af h\u00f8ringen om Kuannersuit, desuagtet er det ny krystalklart at Naalakkersuisut er blevet d\u00f8ve og nu styres helt og aldeles af GML. Den udvikling som nu sker fra dag til dag, er chokerende og giver afmagt. Jeg mener at man nu i st\u00f8rre grad end tidligere [&hellip;]<\/p>\n","protected":false},"author":1,"featured_media":461,"comment_status":"closed","ping_status":"closed","sticky":false,"template":"","format":"standard","meta":{"footnotes":""},"categories":[19],"tags":[],"class_list":["post-7634","post","type-post","status-publish","format-standard","has-post-thumbnail","hentry","category-seneste-nyheder-inuit-ataqatigiit"],"_links":{"self":[{"href":"https:\/\/ia.gl\/kl\/wp-json\/wp\/v2\/posts\/7634","targetHints":{"allow":["GET"]}}],"collection":[{"href":"https:\/\/ia.gl\/kl\/wp-json\/wp\/v2\/posts"}],"about":[{"href":"https:\/\/ia.gl\/kl\/wp-json\/wp\/v2\/types\/post"}],"author":[{"embeddable":true,"href":"https:\/\/ia.gl\/kl\/wp-json\/wp\/v2\/users\/1"}],"replies":[{"embeddable":true,"href":"https:\/\/ia.gl\/kl\/wp-json\/wp\/v2\/comments?post=7634"}],"version-history":[{"count":1,"href":"https:\/\/ia.gl\/kl\/wp-json\/wp\/v2\/posts\/7634\/revisions"}],"predecessor-version":[{"id":7635,"href":"https:\/\/ia.gl\/kl\/wp-json\/wp\/v2\/posts\/7634\/revisions\/7635"}],"wp:featuredmedia":[{"embeddable":true,"href":"https:\/\/ia.gl\/kl\/wp-json\/wp\/v2\/media\/461"}],"wp:attachment":[{"href":"https:\/\/ia.gl\/kl\/wp-json\/wp\/v2\/media?parent=7634"}],"wp:term":[{"taxonomy":"category","embeddable":true,"href":"https:\/\/ia.gl\/kl\/wp-json\/wp\/v2\/categories?post=7634"},{"taxonomy":"post_tag","embeddable":true,"href":"https:\/\/ia.gl\/kl\/wp-json\/wp\/v2\/tags?post=7634"}],"curies":[{"name":"wp","href":"https:\/\/api.w.org\/{rel}","templated":true}]}}