{"id":7630,"date":"2021-01-27T16:01:42","date_gmt":"2021-01-27T16:01:42","guid":{"rendered":"https:\/\/demo.ia.gl\/jeg-efterlyser-et-stoerre-samarbejde-omkring-de-psykisk-syge\/"},"modified":"2024-07-14T20:46:47","modified_gmt":"2024-07-14T20:46:47","slug":"jeg-efterlyser-et-stoerre-samarbejde-omkring-de-psykisk-syge","status":"publish","type":"post","link":"https:\/\/ia.gl\/kl\/jeg-efterlyser-et-stoerre-samarbejde-omkring-de-psykisk-syge\/","title":{"rendered":"Jeg efterlyser et st\u00f8rre samarbejde omkring de psykisk syge"},"content":{"rendered":"\n<p><em>Af: Ane Hansen, medlem af Kommune Qeqertalik, Borgmester, Inuit Ataqatigiit <\/em><\/p>\n\n\n\n<p class=\"has-large-font-size\"><strong>Ane Hansen: Jeg efterlyser et st\u00f8rre samarbejde omkring de psykisk syge<\/strong><\/p>\n\n\n\n<p>Kommunalbestyrelsen l\u00e6gger v\u00e6gt p\u00e5, at borgerne i kommunen har et trygt liv.<\/p>\n\n\n\n<p>Sundhedsv\u00e6senet har afdelinger i byer og bygder og vi hos kommunen har ansvaret for det sociale omr\u00e5de. Disse omr\u00e5der har ogs\u00e5 ansvar for borgernes tryghed.<\/p>\n\n\n\n<p>Man ved at der er omkring 1.400 personer der har en psykisk sygdom her i landet, og disse er borgere i de 5 kommuner. If\u00f8lge sp\u00f8rgsm\u00e5l til Naalakkersuisut <a href=\"#_ftn1\">[1]<\/a>, er 145 b\u00f8rn og unge med psykisk sygdom blevet behandlet i den psykiatriske afdeling. Ud fra de tal vi allerede ved, kan vi ikke komme uden om at skulle handle over for mennesker med vidtg\u00e5ende psykiske sygdomme.<\/p>\n\n\n\n<p>I Kommune Qeqertalik har vi et initiativ der sigter p\u00e5, at alle borgerne skal leve sammen, og i denne indsats \u00f8nsker vi et st\u00f8rre samarbejde med sundhedsv\u00e6senet. I f\u00f8lge loven skal de psykisk syge, unders\u00f8ges og diagnosticeres i sundhedsv\u00e6senet, hvorefter kommunerne skal udarbejde tiltag og handlingsplan og ud fra disse informationer. Her i kommunen mener vi, at det tager alt for lang tid med at stille en diagnose af de psykisk syge. Is\u00e6r i bygderne og i de mindre byer g\u00e5r der alt for lang tid med at stille diagnoser for vores psykisk syge borgere.&nbsp;<\/p>\n\n\n\n<p>Netop af disse grunde, efterlyser jeg et st\u00f8rre samarbejde mellem kommunerne og Naalakkersuisut. Vi servicerer vores borgere, og det er n\u00f8dvendigt at vi har et fleksibelt og trygt samarbejde om serviceringen af vores borgere.<\/p>\n\n\n\n<p>Med venlig hilsen<\/p>\n\n\n\n<p>Ane Hansen,<\/p>\n\n\n\n<p>Inuit Ataqatigiit,<\/p>\n\n\n\n<p>Borgmester i Kommune Qeqertalik<\/p>\n\n\n\n<hr class=\"wp-block-separator\"\/>\n\n\n\n<p><a href=\"#_ftnref1\">[1]<\/a> If\u00f8lge Inatsisartut\u00b4s forretningsorden, \u00a737 svar nr. 347\/2019<\/p>\n","protected":false},"excerpt":{"rendered":"<p>Af: Ane Hansen, medlem af Kommune Qeqertalik, Borgmester, Inuit Ataqatigiit Ane Hansen: Jeg efterlyser et st\u00f8rre samarbejde omkring de psykisk syge Kommunalbestyrelsen l\u00e6gger v\u00e6gt p\u00e5, at borgerne i kommunen har et trygt liv. Sundhedsv\u00e6senet har afdelinger i byer og bygder og vi hos kommunen har ansvaret for det sociale omr\u00e5de. Disse omr\u00e5der har ogs\u00e5 ansvar [&hellip;]<\/p>\n","protected":false},"author":1,"featured_media":461,"comment_status":"closed","ping_status":"closed","sticky":false,"template":"","format":"standard","meta":{"footnotes":""},"categories":[19],"tags":[],"class_list":["post-7630","post","type-post","status-publish","format-standard","has-post-thumbnail","hentry","category-seneste-nyheder-inuit-ataqatigiit"],"_links":{"self":[{"href":"https:\/\/ia.gl\/kl\/wp-json\/wp\/v2\/posts\/7630","targetHints":{"allow":["GET"]}}],"collection":[{"href":"https:\/\/ia.gl\/kl\/wp-json\/wp\/v2\/posts"}],"about":[{"href":"https:\/\/ia.gl\/kl\/wp-json\/wp\/v2\/types\/post"}],"author":[{"embeddable":true,"href":"https:\/\/ia.gl\/kl\/wp-json\/wp\/v2\/users\/1"}],"replies":[{"embeddable":true,"href":"https:\/\/ia.gl\/kl\/wp-json\/wp\/v2\/comments?post=7630"}],"version-history":[{"count":1,"href":"https:\/\/ia.gl\/kl\/wp-json\/wp\/v2\/posts\/7630\/revisions"}],"predecessor-version":[{"id":7631,"href":"https:\/\/ia.gl\/kl\/wp-json\/wp\/v2\/posts\/7630\/revisions\/7631"}],"wp:featuredmedia":[{"embeddable":true,"href":"https:\/\/ia.gl\/kl\/wp-json\/wp\/v2\/media\/461"}],"wp:attachment":[{"href":"https:\/\/ia.gl\/kl\/wp-json\/wp\/v2\/media?parent=7630"}],"wp:term":[{"taxonomy":"category","embeddable":true,"href":"https:\/\/ia.gl\/kl\/wp-json\/wp\/v2\/categories?post=7630"},{"taxonomy":"post_tag","embeddable":true,"href":"https:\/\/ia.gl\/kl\/wp-json\/wp\/v2\/tags?post=7630"}],"curies":[{"name":"wp","href":"https:\/\/api.w.org\/{rel}","templated":true}]}}