{"id":7596,"date":"2020-11-23T14:42:37","date_gmt":"2020-11-23T14:42:37","guid":{"rendered":"https:\/\/demo.ia.gl\/inuit-ataqatigiit-er-ikke-laengere-med-i-forhandlingerne-om-finansloven-2021\/"},"modified":"2024-07-14T20:46:46","modified_gmt":"2024-07-14T20:46:46","slug":"inuit-ataqatigiit-er-ikke-laengere-med-i-forhandlingerne-om-finansloven-2021","status":"publish","type":"post","link":"https:\/\/ia.gl\/kl\/inuit-ataqatigiit-er-ikke-laengere-med-i-forhandlingerne-om-finansloven-2021\/","title":{"rendered":"Inuit Ataqatigiit er ikke l\u00e6ngere med i forhandlingerne om Finansloven 2021"},"content":{"rendered":"\n<p class=\"has-large-font-size\"><strong>Inuit Ataqatigiit er ikke l\u00e6ngere med i forhandlingerne om Finansloven 2021<\/strong><\/p>\n\n\n\n<p>Den 23. November blev Inuit Ataqatigiit indkaldt af Naalakkersuisoq for Finanser til forhandlinger om Finansloven 2021 for anden gang.<\/p>\n\n\n\n<p>Fra Inuit Ataqatigiit havde vi under forhandlingerne taget udgangspunkt i, at man via dialog skal fremme velf\u00e6rden is\u00e6r for lav- og mellemindkomstgruppernes daglige k\u00e5r.<\/p>\n\n\n\n<p>Under forhandlingerne fik vi et budskab fra Naalakkersuisoq for Finanser, at koalitionspartierne ikke \u00f8nsker, at g\u00e5 os i m\u00f8de p\u00e5 det opl\u00e6g vi har fremlagt. Det \u00e6rger os, at man ikke har v\u00e6re kompromisvellige, men dette beviser blot, at koalitionspartierne ikke har den galoperende ulighed i samfundet, som f\u00f8rsteprioritet.<\/p>\n\n\n\n<p>Vi har bl.a. lavet f\u00f8lgende opl\u00e6g til velf\u00e6rdsforbedringer: Bedre vilk\u00e5r til de \u00e6ldre, tilbagerulning af sidste \u00e5rs afgiftspakke, forbedring af p\u00e6dagogernes vilk\u00e5r, kommunerne ikke rammes sk\u00e6vt via bloktilskuddet og at sundhedsv\u00e6snet ikke f\u00e5r d\u00e5rligere vilk\u00e5r end i dag.<\/p>\n\n\n\n<p>Det er \u00e6rgeligt, at man ikke fra koalitionspartiernes side har villet give sig p\u00e5 disse opl\u00e6g, selvom det drejer sig om befolkningens hverdag. Ved siden af disse opl\u00e6g til l\u00f8ft af daglidagen har vi ellers tilbudt, at komme med forslag p\u00e5 hvordan disse kan finansieres bl.a. via reformering af centraladministrationen. Og har ogs\u00e5 til det sidste pr\u00f8vet, at finde kompromisser, da man skal kunne give og ofre under forhandlinger.<\/p>\n\n\n\n<p>Jeg vil p\u00e5 vegne af Inuit Ataqatigiit fastsl\u00e5, at vi fortsat vil k\u00e6mpe for, at l\u00f8fte velf\u00e6rden.Og til slut takke for, at vi havde mulighed for, at deltage i forhandlingerne. Til trods for, at koalitionspartierne har sat et k\u00e6p i hjulet for en ellers kompromisvellig Naalakkersuisoq.<\/p>\n\n\n\n<p>Med venlig hilsen<\/p>\n\n\n\n<p>Formand for Inuit Ataqatigiit<\/p>\n\n\n\n<p>M\u00fate Bourup Egede<\/p>\n","protected":false},"excerpt":{"rendered":"<p>Inuit Ataqatigiit er ikke l\u00e6ngere med i forhandlingerne om Finansloven 2021 Den 23. November blev Inuit Ataqatigiit indkaldt af Naalakkersuisoq for Finanser til forhandlinger om Finansloven 2021 for anden gang. Fra Inuit Ataqatigiit havde vi under forhandlingerne taget udgangspunkt i, at man via dialog skal fremme velf\u00e6rden is\u00e6r for lav- og mellemindkomstgruppernes daglige k\u00e5r. Under [&hellip;]<\/p>\n","protected":false},"author":1,"featured_media":461,"comment_status":"closed","ping_status":"closed","sticky":false,"template":"","format":"standard","meta":{"footnotes":""},"categories":[19],"tags":[],"class_list":["post-7596","post","type-post","status-publish","format-standard","has-post-thumbnail","hentry","category-seneste-nyheder-inuit-ataqatigiit"],"_links":{"self":[{"href":"https:\/\/ia.gl\/kl\/wp-json\/wp\/v2\/posts\/7596","targetHints":{"allow":["GET"]}}],"collection":[{"href":"https:\/\/ia.gl\/kl\/wp-json\/wp\/v2\/posts"}],"about":[{"href":"https:\/\/ia.gl\/kl\/wp-json\/wp\/v2\/types\/post"}],"author":[{"embeddable":true,"href":"https:\/\/ia.gl\/kl\/wp-json\/wp\/v2\/users\/1"}],"replies":[{"embeddable":true,"href":"https:\/\/ia.gl\/kl\/wp-json\/wp\/v2\/comments?post=7596"}],"version-history":[{"count":1,"href":"https:\/\/ia.gl\/kl\/wp-json\/wp\/v2\/posts\/7596\/revisions"}],"predecessor-version":[{"id":7597,"href":"https:\/\/ia.gl\/kl\/wp-json\/wp\/v2\/posts\/7596\/revisions\/7597"}],"wp:featuredmedia":[{"embeddable":true,"href":"https:\/\/ia.gl\/kl\/wp-json\/wp\/v2\/media\/461"}],"wp:attachment":[{"href":"https:\/\/ia.gl\/kl\/wp-json\/wp\/v2\/media?parent=7596"}],"wp:term":[{"taxonomy":"category","embeddable":true,"href":"https:\/\/ia.gl\/kl\/wp-json\/wp\/v2\/categories?post=7596"},{"taxonomy":"post_tag","embeddable":true,"href":"https:\/\/ia.gl\/kl\/wp-json\/wp\/v2\/tags?post=7596"}],"curies":[{"name":"wp","href":"https:\/\/api.w.org\/{rel}","templated":true}]}}