{"id":7530,"date":"2020-06-12T12:38:58","date_gmt":"2020-06-12T12:38:58","guid":{"rendered":"https:\/\/demo.ia.gl\/mindeord-ivalo-egede\/"},"modified":"2024-07-14T20:46:43","modified_gmt":"2024-07-14T20:46:43","slug":"mindeord-ivalo-egede","status":"publish","type":"post","link":"https:\/\/ia.gl\/kl\/mindeord-ivalo-egede\/","title":{"rendered":"Mindeord &#8211; Ivalo Egede"},"content":{"rendered":"\n<p><em>Billede:  Det gr\u00f8nlandske arbejdsmilj\u00f8r\u00e5d<\/em><\/p>\n\n\n\n<p class=\"has-large-font-size\">Mindeord &#8211; Ivalo Egede<\/p>\n\n\n\n<p><em>Vi\nhar i Inuit Ataqatigiit med sorg modtaget meddelelsen om Ivalo Egedes bortgang.\nGr\u00f8nland har mistet en st\u00e6rk kvinde, der i sin tid har vist og inspireret, at\ntopposter i det gr\u00f8nlandske samfund selvf\u00f8lgelig ogs\u00e5 g\u00e6lder for kvinder. <\/em><\/p>\n\n\n\n<p><em>Ivalo Egede har fra en ung alder v\u00e6ret samfundsengageret og har v\u00e6ret med til, at pr\u00e6ge det moderne, mangfoldige og det stadigt voksende globale Gr\u00f8nland. Det v\u00e6re sig som aktivist i gr\u00e6srodbev\u00e6gelser, som oprettelsen af Aasivik-bev\u00e6gelsen til betr\u00e6delse af forskellige topposter i det gr\u00f8nlandske samfund. <\/em><\/p>\n\n\n\n<p><em>Ivalo\nvar beundret af mange og kendes, ikke mindst hos hendes n\u00e6rmeste, som en\nk\u00e6rlig, skarp, engageret, varm og principfast kvinde med hjertet p\u00e5 det rette\nsted. Ivalo var et forbillede for mange yngre kvinder i kraft af hendes mange\nledelsesposter og p\u00e5 den m\u00e5de har hun v\u00e6ret med til, at banen vejen og gjort\ndet lettere for kvinder, at bestride samfundsvigtige opgaver den dag i dag. Med\nhendes k\u00e6rlige opfordringer og uselvisk deling af viden og erfaring har hun\nopmuntret og skubbet mange til, at bidrage til yderligere udvikling af vores\nsamfund, om det handlede om kvindekampen eller kvinders naturlige plads p\u00e5\nledelsesposter. Den form for solidaritet og evne til at se og styrke evnerne i\nfolk vil blive dybt savnet.<\/em><em><\/em><\/p>\n\n\n\n<p><em>Som\nmange andre i vores land, er vi fulde af taknemmelighed over det, som Ivalo\nEgede har givet Gr\u00f8nland og den forskel hun har gjort for det gr\u00f8nlandske folk.\nInuit Ataqatigiit har ogs\u00e5 et s\u00e6rligt tak til Ivalo Egede for hendes indsats i\npartiets hovedbestyrelse og v\u00e6ret med til, at grundl\u00e6gge det IA\u2019s rolle i\ngr\u00f8nlandsk politik.<\/em><\/p>\n\n\n\n<p><em>Vi\nsender vores dybeste medf\u00f8lelse til Ivalo Egedes elskede s\u00f8n Masaana og hans familie\nsamt resten Ivalos familie og venner. <\/em><\/p>\n\n\n\n<p><em>\u00c6ret\nv\u00e6re Ivalo Egedes minde.<\/em><\/p>\n\n\n\n<p><em>P\u00e5 vegne af Inuit Ataqatigiit Kattuffiat<\/em><\/p>\n\n\n\n<p><em>M\u00fate Bourup Egede<\/em><\/p>\n\n\n\n<p>Formand<\/p>\n\n\n\n<figure class=\"wp-block-image size-large is-resized\"><img decoding=\"async\" src=\"https:\/\/ia.gl\/wp-content\/uploads\/2024\/07\/Asseq-2-600x889-1.jpg\" alt=\"\" class=\"wp-image-15273\" width=\"150\" height=\"222\" title=\"\"><figcaption>  Billede: Taget fra Inuit Ataqatigiits avis Aningaaq; Lavet af kvinde fork\u00e6mpere i 1987 <\/figcaption><\/figure>\n","protected":false},"excerpt":{"rendered":"<p>Billede: Det gr\u00f8nlandske arbejdsmilj\u00f8r\u00e5d Mindeord &#8211; Ivalo Egede Vi har i Inuit Ataqatigiit med sorg modtaget meddelelsen om Ivalo Egedes bortgang. Gr\u00f8nland har mistet en st\u00e6rk kvinde, der i sin tid har vist og inspireret, at topposter i det gr\u00f8nlandske samfund selvf\u00f8lgelig ogs\u00e5 g\u00e6lder for kvinder. Ivalo Egede har fra en ung alder v\u00e6ret samfundsengageret [&hellip;]<\/p>\n","protected":false},"author":1,"featured_media":461,"comment_status":"closed","ping_status":"closed","sticky":false,"template":"","format":"standard","meta":{"footnotes":""},"categories":[19],"tags":[],"class_list":["post-7530","post","type-post","status-publish","format-standard","has-post-thumbnail","hentry","category-seneste-nyheder-inuit-ataqatigiit"],"_links":{"self":[{"href":"https:\/\/ia.gl\/kl\/wp-json\/wp\/v2\/posts\/7530","targetHints":{"allow":["GET"]}}],"collection":[{"href":"https:\/\/ia.gl\/kl\/wp-json\/wp\/v2\/posts"}],"about":[{"href":"https:\/\/ia.gl\/kl\/wp-json\/wp\/v2\/types\/post"}],"author":[{"embeddable":true,"href":"https:\/\/ia.gl\/kl\/wp-json\/wp\/v2\/users\/1"}],"replies":[{"embeddable":true,"href":"https:\/\/ia.gl\/kl\/wp-json\/wp\/v2\/comments?post=7530"}],"version-history":[{"count":1,"href":"https:\/\/ia.gl\/kl\/wp-json\/wp\/v2\/posts\/7530\/revisions"}],"predecessor-version":[{"id":7531,"href":"https:\/\/ia.gl\/kl\/wp-json\/wp\/v2\/posts\/7530\/revisions\/7531"}],"wp:featuredmedia":[{"embeddable":true,"href":"https:\/\/ia.gl\/kl\/wp-json\/wp\/v2\/media\/461"}],"wp:attachment":[{"href":"https:\/\/ia.gl\/kl\/wp-json\/wp\/v2\/media?parent=7530"}],"wp:term":[{"taxonomy":"category","embeddable":true,"href":"https:\/\/ia.gl\/kl\/wp-json\/wp\/v2\/categories?post=7530"},{"taxonomy":"post_tag","embeddable":true,"href":"https:\/\/ia.gl\/kl\/wp-json\/wp\/v2\/tags?post=7530"}],"curies":[{"name":"wp","href":"https:\/\/api.w.org\/{rel}","templated":true}]}}