{"id":7336,"date":"2019-05-31T09:44:55","date_gmt":"2019-05-31T09:44:55","guid":{"rendered":"https:\/\/demo.ia.gl\/inuit-ataqatigiits-folketingskandidater-groen-omstilling-kraever-handling-nu\/"},"modified":"2024-07-14T20:46:35","modified_gmt":"2024-07-14T20:46:35","slug":"inuit-ataqatigiits-folketingskandidater-groen-omstilling-kraever-handling-nu","status":"publish","type":"post","link":"https:\/\/ia.gl\/kl\/inuit-ataqatigiits-folketingskandidater-groen-omstilling-kraever-handling-nu\/","title":{"rendered":"Inuit Ataqatigiits folketingskandidater: Gr\u00f8n omstilling kr\u00e6ver handling nu"},"content":{"rendered":"\n<p>23.05.2019<strong><\/strong><\/p>\n\n\n\n<p><strong>Inuit Ataqatigiits folketingskandidater: Gr\u00f8n\nomstilling kr\u00e6ver handling nu <\/strong><\/p>\n\n\n\n<p><em>Klimaforandringernes konsekvenser er\naltoverskyggende. L\u00f8ser vi ikke verdens klimaproblem, s\u00e5 vil der ikke v\u00e6re en\nverden, som vi kender det i dag. S\u00e5 klart er budskabe fra Inuit Ataqatigiits\nfolketingskandidater. Klima\u00e6ndringer kr\u00e6ver handling nu og sidst s\u00e5 vi, at\napril blev den n\u00e6stvarmeste m\u00e5ned herhjemme i dette \u00e5rhundrede. <\/em><\/p>\n\n\n\n<p>Ungdommen\nhar f\u00e5et \u00f8jnene op for klimaforandringer. Det er dem, der skal overtage og\nderfor mener vi ogs\u00e5, at det er dem, som b\u00f8r g\u00e5 forrest i den kamp og give os\nfolkevalgte anbefalinger. Gr\u00f8nland h\u00f8rer til blandt de st\u00f8rste klimasyndere i\nRigsf\u00e6llesskabet, men alene kan vi 56.000 mennesker ikke g\u00f8re nok. Vi er n\u00f8dt\ntil at g\u00e5 sammen globalt i arktisk, nordisk og internationalt samarbejde, hvor\nvi er frontk\u00e6mpere for at bremse CO2 udledningen, da vi lever meget synligt med\nkonsekvenserne.<\/p>\n\n\n\n<p>Inuit\nAtaqatigiit peger p\u00e5 3 konkrete forslag: <\/p>\n\n\n\n<ol class=\"wp-block-list\"><li>Der skal neds\u00e6ttes et nationalt ungepanel, som skal komme med anbefalinger til Naalakkersuisut om reduktion af emission og l\u00f8sning af klimaudfordringerne.<\/li><li>Gr\u00f8nland skal v\u00e6re emissions-frit i 2050 og der er behov for en strategi for at mindske vores udledning frem mod 2050. Klimahensyn skal v\u00e6re del af al politik.<\/li><li>Det klimavenlige valg skal g\u00f8res let for alle borgere og vi skal skabe politiske rammer for dette, f.eks. skal klimavenlig mad g\u00f8res mere tilg\u00e6ngeligt i offentlige steder, affaldsh\u00e5ndtering og madspild skal mindskes.<\/li><\/ol>\n\n\n\n<p>Vi\ntror p\u00e5 befolkningen er klar. De venter bare p\u00e5 os. Som folkevalgte har vi et\ns\u00e6rligt ansvar for a lette forbrugernes og borgernes valg om at bidrage til en\nbedre verden til kommende generationer. <\/p>\n\n\n\n<p>Handler\nvi ikke i dag og omstiller vores indsats til en mere gr\u00f8n politik, s\u00e5 vil\nklimaflygtninge, voldsomme naturkatastrofer og vejr\u00e6ndringer ogs\u00e5 \u00e6ndre p\u00e5\nvores hverdag. Det g\u00e6lder s\u00e6rligt i Gr\u00f8nland, hvor vi lever i og omkring\nnaturen.<\/p>\n\n\n\n<p>Kontakt:\n<\/p>\n\n\n\n<p>Aaja\nChemmitz Larsen, mobil. nr. +45 61 62 46 67\/24 58 90<\/p>\n\n\n\n<p>Sofia\nGeisler, mobil nr. 58 81 55<\/p>\n\n\n\n<p>Anders\nJensen, mobil nr. 25 88 22<\/p>\n\n\n\n<p>Aqqalukkuluk\nFontain, mobil nr. 53 88 65<\/p>\n","protected":false},"excerpt":{"rendered":"<p>23.05.2019 Inuit Ataqatigiits folketingskandidater: Gr\u00f8n omstilling kr\u00e6ver handling nu Klimaforandringernes konsekvenser er altoverskyggende. L\u00f8ser vi ikke verdens klimaproblem, s\u00e5 vil der ikke v\u00e6re en verden, som vi kender det i dag. S\u00e5 klart er budskabe fra Inuit Ataqatigiits folketingskandidater. Klima\u00e6ndringer kr\u00e6ver handling nu og sidst s\u00e5 vi, at april blev den n\u00e6stvarmeste m\u00e5ned herhjemme i [&hellip;]<\/p>\n","protected":false},"author":1,"featured_media":461,"comment_status":"closed","ping_status":"closed","sticky":false,"template":"","format":"standard","meta":{"footnotes":""},"categories":[19],"tags":[],"class_list":["post-7336","post","type-post","status-publish","format-standard","has-post-thumbnail","hentry","category-seneste-nyheder-inuit-ataqatigiit"],"_links":{"self":[{"href":"https:\/\/ia.gl\/kl\/wp-json\/wp\/v2\/posts\/7336","targetHints":{"allow":["GET"]}}],"collection":[{"href":"https:\/\/ia.gl\/kl\/wp-json\/wp\/v2\/posts"}],"about":[{"href":"https:\/\/ia.gl\/kl\/wp-json\/wp\/v2\/types\/post"}],"author":[{"embeddable":true,"href":"https:\/\/ia.gl\/kl\/wp-json\/wp\/v2\/users\/1"}],"replies":[{"embeddable":true,"href":"https:\/\/ia.gl\/kl\/wp-json\/wp\/v2\/comments?post=7336"}],"version-history":[{"count":1,"href":"https:\/\/ia.gl\/kl\/wp-json\/wp\/v2\/posts\/7336\/revisions"}],"predecessor-version":[{"id":7337,"href":"https:\/\/ia.gl\/kl\/wp-json\/wp\/v2\/posts\/7336\/revisions\/7337"}],"wp:featuredmedia":[{"embeddable":true,"href":"https:\/\/ia.gl\/kl\/wp-json\/wp\/v2\/media\/461"}],"wp:attachment":[{"href":"https:\/\/ia.gl\/kl\/wp-json\/wp\/v2\/media?parent=7336"}],"wp:term":[{"taxonomy":"category","embeddable":true,"href":"https:\/\/ia.gl\/kl\/wp-json\/wp\/v2\/categories?post=7336"},{"taxonomy":"post_tag","embeddable":true,"href":"https:\/\/ia.gl\/kl\/wp-json\/wp\/v2\/tags?post=7336"}],"curies":[{"name":"wp","href":"https:\/\/api.w.org\/{rel}","templated":true}]}}