{"id":7286,"date":"2019-03-15T13:32:52","date_gmt":"2019-03-15T13:32:52","guid":{"rendered":"https:\/\/demo.ia.gl\/manglende-inddragelse\/"},"modified":"2024-07-14T20:46:33","modified_gmt":"2024-07-14T20:46:33","slug":"manglende-inddragelse","status":"publish","type":"post","link":"https:\/\/ia.gl\/kl\/manglende-inddragelse\/","title":{"rendered":"Manglende inddragelse"},"content":{"rendered":"\n<p><strong>Manglende inddragelse<\/strong><\/p>\n\n\n\n<p>Af: Mimi Karlsen \u2013 Sofia Geisler<\/p>\n\n\n\n<p>Fra Inatsisartuts talerstol, og fra forskellige eksterne\ninteressenter h\u00f8rer vi at Naalakkersuisut er igang med uddannelsesreformen, der\nvil have betydning for indholdet i Folkeskolen, og l\u00e6ngden af Folkeskolens\nvarighed. <\/p>\n\n\n\n<p>Som medlemmer af Udvalget for Uddannelse, Kultur &amp; Kirke\nm\u00e5 vi indtil videre konstatere, at den respektive Naalakkersuisoq endnu ikke\nhar inddraget Udvalget med status p\u00e5 dette arbejde, og i forhold til input i\ndet videre arbejde. Et enkelt gang har Udvalget f\u00e5et pr\u00e6senteret indholdet af\nreformarbejdet, men det var det samme pr\u00e6sentation, som tidligere\nNaalakkersuisoq for Uddannelse, Kultur &amp; Kirke har fremlagt. <\/p>\n\n\n\n<p>Det undrer os, at Naalakkersuisoq for Uddannelse, Kultur\n&amp; Kirke endnu ikke har inddraget udvalget i forhold til uddannelsesformen,\nder p\u00e5 mange omr\u00e5der kan\/vil f\u00e5 betydning for driften af og indholdet i\nFolkeskolen, og for det output som vil p\u00e5virke uddannelsesniuveauet for mange\nb\u00f8rn og unge fremover. <\/p>\n\n\n\n<p>Det i f\u00f8lge os meget lukkede arbejde med uddannelsesreformen\nv\u00e6kker bekymring. For vil det v\u00e6re et politisk styret reformarbejde, eller en\ndecideret embedsmandsv\u00e6rk, som vil blive fremlagt fra talerstolen, den dag\narbejdet freml\u00e6gges til politisk beslutning? <\/p>\n\n\n\n<p>Vi ser frem til, at Naalakkersuisoq for Uddannelse, Kultur\n&amp; Kirke inddrager Udvalget for Uddannelse, Kultur &amp; Kirke. Alternativet\ner at vi m\u00e5 stille \u00a737 sp\u00f8rgsm\u00e5l for at f\u00e5 viden om status p\u00e5 arbejdet, men det\ner ikke vejen frem. Vejen frem er inddragelse af Udvalget for Uddannelse,\nKultur &amp; Kirke i reformarbejdet.&nbsp; <\/p>\n\n\n\n<p>Med venlig hilsen&nbsp; <\/p>\n\n\n\n<p>Mimi\nKarlsen&nbsp;&nbsp;&nbsp;&nbsp;&nbsp;&nbsp;&nbsp;&nbsp;&nbsp;&nbsp;&nbsp;&nbsp;&nbsp;&nbsp;&nbsp;&nbsp;&nbsp;&nbsp;&nbsp;&nbsp;&nbsp;&nbsp;&nbsp;&nbsp;&nbsp;&nbsp;&nbsp;&nbsp;&nbsp;&nbsp;&nbsp;&nbsp;&nbsp;&nbsp;&nbsp;&nbsp;&nbsp;&nbsp;&nbsp;&nbsp;&nbsp;&nbsp;&nbsp;&nbsp;&nbsp;&nbsp;&nbsp;&nbsp;&nbsp;&nbsp;&nbsp;&nbsp;&nbsp;&nbsp;&nbsp;&nbsp;&nbsp;&nbsp;&nbsp;&nbsp;&nbsp;&nbsp;&nbsp;&nbsp;&nbsp;&nbsp;&nbsp;&nbsp;&nbsp;&nbsp;&nbsp;&nbsp;&nbsp;&nbsp;&nbsp;&nbsp;&nbsp;&nbsp;&nbsp;&nbsp;&nbsp;&nbsp;&nbsp;&nbsp;&nbsp;&nbsp;&nbsp;&nbsp;&nbsp;&nbsp;&nbsp;&nbsp;&nbsp;&nbsp;&nbsp;&nbsp;&nbsp;&nbsp;&nbsp;&nbsp;&nbsp;&nbsp;&nbsp;&nbsp;&nbsp;&nbsp;&nbsp;&nbsp;&nbsp;&nbsp;&nbsp;&nbsp;&nbsp;&nbsp;&nbsp;&nbsp;&nbsp;&nbsp;\n<\/p>\n\n\n\n<p>N\u00e6stformand, Udv. Uddannelse, Kultur, Kirke<\/p>\n\n\n\n<p>Sofia Geisler<\/p>\n\n\n\n<p>Medlem, Udv. Uddannelse, Kultur,\nKirke&nbsp;&nbsp;&nbsp;&nbsp;&nbsp; <\/p>\n\n\n\n<p><\/p>\n","protected":false},"excerpt":{"rendered":"<p>Manglende inddragelse Af: Mimi Karlsen \u2013 Sofia Geisler Fra Inatsisartuts talerstol, og fra forskellige eksterne interessenter h\u00f8rer vi at Naalakkersuisut er igang med uddannelsesreformen, der vil have betydning for indholdet i Folkeskolen, og l\u00e6ngden af Folkeskolens varighed. Som medlemmer af Udvalget for Uddannelse, Kultur &amp; Kirke m\u00e5 vi indtil videre konstatere, at den respektive Naalakkersuisoq [&hellip;]<\/p>\n","protected":false},"author":1,"featured_media":461,"comment_status":"closed","ping_status":"closed","sticky":false,"template":"","format":"standard","meta":{"footnotes":""},"categories":[19],"tags":[],"class_list":["post-7286","post","type-post","status-publish","format-standard","has-post-thumbnail","hentry","category-seneste-nyheder-inuit-ataqatigiit"],"_links":{"self":[{"href":"https:\/\/ia.gl\/kl\/wp-json\/wp\/v2\/posts\/7286","targetHints":{"allow":["GET"]}}],"collection":[{"href":"https:\/\/ia.gl\/kl\/wp-json\/wp\/v2\/posts"}],"about":[{"href":"https:\/\/ia.gl\/kl\/wp-json\/wp\/v2\/types\/post"}],"author":[{"embeddable":true,"href":"https:\/\/ia.gl\/kl\/wp-json\/wp\/v2\/users\/1"}],"replies":[{"embeddable":true,"href":"https:\/\/ia.gl\/kl\/wp-json\/wp\/v2\/comments?post=7286"}],"version-history":[{"count":1,"href":"https:\/\/ia.gl\/kl\/wp-json\/wp\/v2\/posts\/7286\/revisions"}],"predecessor-version":[{"id":7287,"href":"https:\/\/ia.gl\/kl\/wp-json\/wp\/v2\/posts\/7286\/revisions\/7287"}],"wp:featuredmedia":[{"embeddable":true,"href":"https:\/\/ia.gl\/kl\/wp-json\/wp\/v2\/media\/461"}],"wp:attachment":[{"href":"https:\/\/ia.gl\/kl\/wp-json\/wp\/v2\/media?parent=7286"}],"wp:term":[{"taxonomy":"category","embeddable":true,"href":"https:\/\/ia.gl\/kl\/wp-json\/wp\/v2\/categories?post=7286"},{"taxonomy":"post_tag","embeddable":true,"href":"https:\/\/ia.gl\/kl\/wp-json\/wp\/v2\/tags?post=7286"}],"curies":[{"name":"wp","href":"https:\/\/api.w.org\/{rel}","templated":true}]}}