{"id":7264,"date":"2019-02-19T15:47:50","date_gmt":"2019-02-19T15:47:50","guid":{"rendered":"https:\/\/demo.ia.gl\/boern-og-unge-skal-foele-retfaerdighed-omkring-deres-liv\/"},"modified":"2024-07-14T20:46:32","modified_gmt":"2024-07-14T20:46:32","slug":"boern-og-unge-skal-foele-retfaerdighed-omkring-deres-liv","status":"publish","type":"post","link":"https:\/\/ia.gl\/kl\/boern-og-unge-skal-foele-retfaerdighed-omkring-deres-liv\/","title":{"rendered":"B\u00f8rn og unge skal f\u00f8le retf\u00e6rdighed omkring deres liv"},"content":{"rendered":"\n<p><strong>B\u00f8rn og unge skal f\u00f8le retf\u00e6rdighed omkring deres liv<\/strong><\/p>\n\n\n\n<p><em>FN\u2019s dag vedr\u00f8rende social retf\u00e6rdighed er den 20. februar.<\/em><\/p>\n\n\n\n<p>FN\u2019s dag vedr\u00f8rende social retf\u00e6rdighed, er en p\u00e5mindelse til os alle\nher i verden om, at mange mennesker m\u00e5 leve under forskellige forhold forskellige\nsteder i verden. <\/p>\n\n\n\n<p>Man kunne v\u00e6lge at pege p\u00e5 mange af de forskellige forhold der g\u00f8r sig\ng\u00e6ldende for b\u00f8rn og unge og som kan for\u00e5rsage manglende retf\u00e6rdighed, men jeg\nhar dog valgt at pege p\u00e5 de konkrete forhold der g\u00f8r sig g\u00e6ldende for b\u00f8rn og unge\nher i landet. <\/p>\n\n\n\n<p>I disse dage bliver forholdene for b\u00f8rn og unge dr\u00f8ftet blandt\nbefolkningen samt i pressen. For det store problem her i landet er at mange\nb\u00f8rn og unge heroppe bliver udsat for omsorgssvigt samt sexuelle overgreb. De\nb\u00f8rn og unge, der har v\u00e6ret udsat for omsorgssvigt samt sexuelle overgreb, vil\nofte leve med de traumaer disse oplevelser har afstedkommet, hvilket ogs\u00e5 kan\nresultere i andre problemer i deres kommende voksenliv, som de derved kan f\u00e5\nsv\u00e6rt ved at styre. Dette kan igen medf\u00f8re alkohol- og hashmisbrug. P\u00e5 baggrund\naf, at desv\u00e6rre alt for mange b\u00f8rn igennem \u00e5rene har v\u00e6ret udsat for enten\nomsorgssvigt eller sexuelt misbrug, m\u00e5 vi nu sige til os selv, at \u201cnu m\u00e5 alle\nst\u00e5 sammen og s\u00e6tte stopper for, at b\u00f8rn og unge ikke bliver udsat for\ntraumatiserende oplevelser i fremtiden\u201d.<\/p>\n\n\n\n<p>Nogle af de konsekvenser, som omsorgssvigt eller de sexuelle overgreb\nder g\u00e5r ud over b\u00f8rn og unge betyder, at mange familier bliver opl\u00f8st, og at\nproblemerne ikke er blevet mindre. Mange familier, der er blevet splittet,\nfor\u00e5rsager mange problemer for det enkelte individ, mange bukker under og\ntvinger os til l\u00f8bende at finde p\u00e5 argumenter til at l\u00f8se de problemer som\nf\u00f8lger deraf. <\/p>\n\n\n\n<p>Der er behov for at s\u00f8rge for, at b\u00f8rn og unge bliver opdraget \u00e5bent og\nn\u00f8gternt. N\u00e5r man diskuterer problemer for b\u00f8rn og unge, bliver for\u00e6ldrene samt\nvoksne i alt for h\u00f8j grad ikke involveret. Dette kan v\u00e6re med til at for\u00e5rsage,\nat problemerne igennem tiderne ikke er blevet mindre. For\u00e6ldre samt voksne har\nselvf\u00f8lgelig ogs\u00e5 f\u00f8lelser og er modtagelige for disse og kan p\u00e5virke andre\nmennesker. Mange har ogs\u00e5 et behov for at blive inkluderet p\u00e5 een eller anden\nm\u00e5de. Derfor m\u00e5 vi, s\u00e5fremt vi gerne vil have omsorgssvigt samt sexuelle\novergreb til livs. Det betyder, at vi m\u00e5 inkludere for\u00e6ldre samt andre voksne\nift. at l\u00f8se og diskutere og forlods planl\u00e6gge im\u00f8deg\u00e5 at de problemer som b\u00f8rn\nog unge kan blive udsat for opst\u00e5r. <\/p>\n\n\n\n<p>B\u00f8rn skal ikke uds\u00e6ttes for vold, sexuelle overgreb eller uds\u00e6ttes for\nandre traumatiserende oplevelser, men alligevel kan vi godt forst\u00e5, at mange\nfor\u00e6ldre har m\u00e5ttet forlade hinanden for netop at undg\u00e5 s\u00e5danne problemer. <\/p>\n\n\n\n<p>Vi m\u00e5 til at t\u00e6nke mere bredt og n\u00f8gternt ift. at l\u00f8se de familiem\u00e6ssige\nproblemer, der er konsekvensen af de n\u00e6vnte problemer. Vi m\u00e5 behandle familierne\nsamlet og skabe familiem\u00e6ssige politikker, for netop at im\u00f8deg\u00e5 og l\u00f8se de\nproblemer, der kan komme indenfor familien. <\/p>\n\n\n\n<p>Der er behov at skabe en institution, der p\u00e5 landsd\u00e6kkende vis kan\narbejde med de problemer, som familierne her i landet kan blive udsat for. De\nfamilierelaterede behandlingssteder her i landet m\u00e5 koordinere deres indsats\nmere samlet. Familierne har behov for at blive r\u00e5dgivet bedre, og derfor mener\njeg ogs\u00e5, at der er behov for at etablere et rejsehold, der kan r\u00e5dgive og\narbejde med familierne omkring s\u00e5danne problemer. P\u00e5 denne m\u00e5de kan man i\nh\u00f8jere grad arbejde t\u00e6ttere med de familier, der m\u00e5tte have behov for st\u00f8tte.<\/p>\n\n\n\n<p>En for\u00e6lder eller en voksen, skal altid yde en meningsfyldt omsorg samt\n\u00e5benhed overfor b\u00f8rn og unge. At de voksne form\u00e5r at forst\u00e5 hvad b\u00f8rnene mener.\nEt barn har ogs\u00e5 et l\u00f8bende behov for at m\u00f8de forst\u00e5else fra ens for\u00e6ldre. Et\nhvilket som helst barn har behov for at blive inkluderet med \u00e5benhed og omsorg\nfra en voksen person. <\/p>\n\n\n\n<p>Vi har som et folk alle et medansvar for, at vi form\u00e5r at s\u00f8rge for, at\nb\u00f8rn og unge ikke uds\u00e6ttes for sexuelle overgreb, at vi sammen er med til at\nskabe et sundt, st\u00e6rkt og velovervejede forhold overfor alle b\u00f8rn og unge. <\/p>\n\n\n\n<p>Vi m\u00e5 gennem lovgivningen foranledige, at n\u00e5r det ang\u00e5r forhold for b\u00f8rn\nog unge, at vi m\u00e5 inkludere og arbejde t\u00e6t med for\u00e6ldrene og de voksne, som\nomg\u00e5s disse b\u00f8rn og unge. Disse skridt m\u00e5 vi v\u00e6re bedre til at l\u00f8se og arbejde\nsammen om til gavn for b\u00f8rn og unge i nutiden og i fremtiden. <\/p>\n\n\n\n<p>Aqqa Samuelsen, mobil 52 37 03<\/p>\n\n\n\n<p>Inuit Ataqatigiit<\/p>\n\n\n\n<p>Ordf\u00f8rer p\u00e5 social- og b\u00f8rneomr\u00e5det<\/p>\n","protected":false},"excerpt":{"rendered":"<p>B\u00f8rn og unge skal f\u00f8le retf\u00e6rdighed omkring deres liv FN\u2019s dag vedr\u00f8rende social retf\u00e6rdighed er den 20. februar. FN\u2019s dag vedr\u00f8rende social retf\u00e6rdighed, er en p\u00e5mindelse til os alle her i verden om, at mange mennesker m\u00e5 leve under forskellige forhold forskellige steder i verden. Man kunne v\u00e6lge at pege p\u00e5 mange af de forskellige [&hellip;]<\/p>\n","protected":false},"author":1,"featured_media":461,"comment_status":"closed","ping_status":"closed","sticky":false,"template":"","format":"standard","meta":{"footnotes":""},"categories":[19],"tags":[],"class_list":["post-7264","post","type-post","status-publish","format-standard","has-post-thumbnail","hentry","category-seneste-nyheder-inuit-ataqatigiit"],"_links":{"self":[{"href":"https:\/\/ia.gl\/kl\/wp-json\/wp\/v2\/posts\/7264","targetHints":{"allow":["GET"]}}],"collection":[{"href":"https:\/\/ia.gl\/kl\/wp-json\/wp\/v2\/posts"}],"about":[{"href":"https:\/\/ia.gl\/kl\/wp-json\/wp\/v2\/types\/post"}],"author":[{"embeddable":true,"href":"https:\/\/ia.gl\/kl\/wp-json\/wp\/v2\/users\/1"}],"replies":[{"embeddable":true,"href":"https:\/\/ia.gl\/kl\/wp-json\/wp\/v2\/comments?post=7264"}],"version-history":[{"count":1,"href":"https:\/\/ia.gl\/kl\/wp-json\/wp\/v2\/posts\/7264\/revisions"}],"predecessor-version":[{"id":7265,"href":"https:\/\/ia.gl\/kl\/wp-json\/wp\/v2\/posts\/7264\/revisions\/7265"}],"wp:featuredmedia":[{"embeddable":true,"href":"https:\/\/ia.gl\/kl\/wp-json\/wp\/v2\/media\/461"}],"wp:attachment":[{"href":"https:\/\/ia.gl\/kl\/wp-json\/wp\/v2\/media?parent=7264"}],"wp:term":[{"taxonomy":"category","embeddable":true,"href":"https:\/\/ia.gl\/kl\/wp-json\/wp\/v2\/categories?post=7264"},{"taxonomy":"post_tag","embeddable":true,"href":"https:\/\/ia.gl\/kl\/wp-json\/wp\/v2\/tags?post=7264"}],"curies":[{"name":"wp","href":"https:\/\/api.w.org\/{rel}","templated":true}]}}