{"id":7086,"date":"2018-08-15T14:11:15","date_gmt":"2018-08-15T14:11:15","guid":{"rendered":"https:\/\/demo.ia.gl\/siumut-demokraatit-og-atassut-har-hovedansvar-for-den-uopsigelige-serviceaftale\/"},"modified":"2024-07-14T20:46:26","modified_gmt":"2024-07-14T20:46:26","slug":"siumut-demokraatit-og-atassut-har-hovedansvar-for-den-uopsigelige-serviceaftale","status":"publish","type":"post","link":"https:\/\/ia.gl\/kl\/siumut-demokraatit-og-atassut-har-hovedansvar-for-den-uopsigelige-serviceaftale\/","title":{"rendered":"Siumut, Demokraatit og Atassut har hovedansvar for den uopsigelige serviceaftale"},"content":{"rendered":"<p>Naalakkersuisoq for Boliger &amp; Infrastruktur, Simon Simonsen, bekr\u00e6fter, at muligheden for opsige servicekontrakt vedr. passagertransport med Diskoline, og som g\u00e6lder frem til den 31. december 2020, stort set er lig med nul.<\/p>\n<p>I 2016, f\u00f8r kontrakten blev indg\u00e5et, gjorde Inuit Ataqatigiit opm\u00e6rksom p\u00e5, at der var stor risiko for serviceforringelser ved indg\u00e5else af det n\u00e6vnte servicekontrakt. Inuit Ataqatigiit anbefalede p\u00e5 det kraftigste, at det foreliggende aftale om servicekontrakt, og som partierne Siumut, Demokraatit og Atassut er hovedarkiteterne bag, ikke blev indg\u00e5et f\u00f8r der var fundet l\u00f8sning p\u00e5 de forringelser, vi allerede dengang kunne forudse vil opst\u00e5. Men det skete ikke.<\/p>\n<p>Siumut, Demokraatit og Atassut sikrede dog flertal for en servicekontrakt, der allerede fra f\u00f8rste dag b\u00f8d p\u00e5 kritik fra borgerne, og den kritik er ikke stilnet af. Tv\u00e6rtimod.<\/p>\n<p>Det er derfor v\u00e6re p\u00e5 sin plads at Inuit Ataqatigiit kr\u00e6ver at Naalakkersuisut snarest g\u00e5r igang med at forberede arbejdet vedr. de servicekontrakter der skal tr\u00e6de i kraft 1. Januar 2021.<\/p>\n<p>Vi \u00f8nsker at bidrage til og arbejde for en konstruktiv l\u00f8sning fremadrettet, og dermed at borgerne f\u00e5r den bedste service n\u00e5r de rejser i det store land som Gr\u00f8nland.<\/p>\n<p>Men det er ikke til at komme udenom, at Siumut, Demokraatit og Atassut har hovedansvaret for den uopsigelige servicekontrakt, og de konsekvenser det har for passagerne. Vi ser frem til at h\u00f8re disse partiers bud p\u00e5 en b\u00e6redygtig fremtidig servicekontrakt.<\/p>\n<p>Link:<\/p>\n<p><span lang=\"KL-GL\"><span style=\"color: #000000; font-family: Times New Roman;\">M\u00fate B Egede: <\/span><\/span><a href=\"https:\/\/ia.gl\/dk\/category\/nyheder-dk\/page\/11\/\" target=\"_BLANK\" rel=\"noopener noreferrer\"><span lang=\"KL-GL\">https:\/\/ia.gl\/dk\/category\/nyheder-dk\/page\/11\/<\/span><\/a><\/p>\n<p><span lang=\"KL-GL\"><span style=\"color: #000000; font-family: Times New Roman;\">Sara Olsvig: <\/span><\/span><a href=\"https:\/\/ia.gl\/dk\/category\/nyheder-dk\/page\/12\/\" target=\"_BLANK\" rel=\"noopener noreferrer\"><span lang=\"KL-GL\">https:\/\/ia.gl\/<\/span><span lang=\"KL-GL\">google426c9ea506fcddea<\/span><span lang=\"KL-GL\">.html\/dk\/category\/nyheder-dk\/page\/12\/<\/span><\/a><\/p>\n<p><span lang=\"KL-GL\"><span style=\"color: #000000; font-family: Times New Roman;\">Mindretalsudtalelse 2016: <\/span><\/span><a href=\"https:\/\/inatsisartut.gl\/documents\/finafg\/2016\/730_Finansafg_svar.pdf\" target=\"_BLANK\" rel=\"noopener noreferrer\">https:\/\/inatsisartut.gl\/documents\/finafg\/2016\/730_Finansafg_svar.pdf<\/a><\/p>\n<p>&nbsp;<\/p>\n<p>Sofia Geisler<\/p>\n<p>Inuit Ataqatigiit<\/p>\n","protected":false},"excerpt":{"rendered":"<p>Naalakkersuisoq for Boliger &amp; Infrastruktur, Simon Simonsen, bekr\u00e6fter, at muligheden for opsige servicekontrakt vedr. passagertransport med Diskoline, og som g\u00e6lder frem til den 31. december 2020, stort set er lig med nul. I 2016, f\u00f8r kontrakten blev indg\u00e5et, gjorde Inuit Ataqatigiit opm\u00e6rksom p\u00e5, at der var stor risiko for serviceforringelser ved indg\u00e5else af det n\u00e6vnte [&hellip;]<\/p>\n","protected":false},"author":1,"featured_media":461,"comment_status":"closed","ping_status":"closed","sticky":false,"template":"","format":"standard","meta":{"footnotes":""},"categories":[19],"tags":[],"class_list":["post-7086","post","type-post","status-publish","format-standard","has-post-thumbnail","hentry","category-seneste-nyheder-inuit-ataqatigiit"],"_links":{"self":[{"href":"https:\/\/ia.gl\/kl\/wp-json\/wp\/v2\/posts\/7086","targetHints":{"allow":["GET"]}}],"collection":[{"href":"https:\/\/ia.gl\/kl\/wp-json\/wp\/v2\/posts"}],"about":[{"href":"https:\/\/ia.gl\/kl\/wp-json\/wp\/v2\/types\/post"}],"author":[{"embeddable":true,"href":"https:\/\/ia.gl\/kl\/wp-json\/wp\/v2\/users\/1"}],"replies":[{"embeddable":true,"href":"https:\/\/ia.gl\/kl\/wp-json\/wp\/v2\/comments?post=7086"}],"version-history":[{"count":1,"href":"https:\/\/ia.gl\/kl\/wp-json\/wp\/v2\/posts\/7086\/revisions"}],"predecessor-version":[{"id":7087,"href":"https:\/\/ia.gl\/kl\/wp-json\/wp\/v2\/posts\/7086\/revisions\/7087"}],"wp:featuredmedia":[{"embeddable":true,"href":"https:\/\/ia.gl\/kl\/wp-json\/wp\/v2\/media\/461"}],"wp:attachment":[{"href":"https:\/\/ia.gl\/kl\/wp-json\/wp\/v2\/media?parent=7086"}],"wp:term":[{"taxonomy":"category","embeddable":true,"href":"https:\/\/ia.gl\/kl\/wp-json\/wp\/v2\/categories?post=7086"},{"taxonomy":"post_tag","embeddable":true,"href":"https:\/\/ia.gl\/kl\/wp-json\/wp\/v2\/tags?post=7086"}],"curies":[{"name":"wp","href":"https:\/\/api.w.org\/{rel}","templated":true}]}}