{"id":7046,"date":"2018-05-01T12:27:10","date_gmt":"2018-05-01T12:27:10","guid":{"rendered":"https:\/\/demo.ia.gl\/arbejdernes-internationale-kampdag-sammen-er-du-staerkere\/"},"modified":"2024-07-14T20:46:24","modified_gmt":"2024-07-14T20:46:24","slug":"arbejdernes-internationale-kampdag-sammen-er-du-staerkere","status":"publish","type":"post","link":"https:\/\/ia.gl\/kl\/arbejdernes-internationale-kampdag-sammen-er-du-staerkere\/","title":{"rendered":"Arbejdernes internationale kampdag \u2013 sammen er du st\u00e6rkere"},"content":{"rendered":"<p><em>Solidaritet, sammenhold, f\u00e6llesskab, kampen for lige l\u00f8n for lige arbejde, kampen for arbejdstagernes ret til fri forhandlinger, kampen for et arbejdsmarked med plads til alle. Det er nogle af de ord vi forbinder med 1. maj. Men der er et ord der er g\u00e5et lidt for meget i glemmebogen: Feminismen. Tiden er inde til, at vi genopliver feminismen, ogs\u00e5 i forhold til ligestilling p\u00e5 arbejdsmarkedet.<\/em><\/p>\n<p>N\u00e5r vi fra Inuit Ataqatigiit taler h\u00f8jt og l\u00e6nge om ligestilling p\u00e5 arbejdsmarkedet g\u00f8r vi det af flere grunde. Ved det netop overst\u00e5ede valg satte vi familiepolitik p\u00e5 arbejdsmarkedet p\u00e5 dagsordenen. Og vi kommer til at k\u00e6mpe videre for en barselsfond, \u00f8rem\u00e6rket barsel til f\u00e6dre, forl\u00e6ngelse af barselen og ikke mindst, at der udarbejdes klar familiepolitik p\u00e5 arbejdsmarkedet. For disse tiltag vil bane vejen for, at vores b\u00f8rn f\u00e5r en mere tryg start p\u00e5 livet, og ikke mindst, at kvinder og m\u00e6nd i \u00f8get grad ligestilles p\u00e5 arbejdsmarkedet.<\/p>\n<p>Vi vil dog ikke stoppe kampen her. For ser vi p\u00e5 arbejdsmarkedet og faggrupperne, s\u00e5 er der stadig en i\u00f8jnefaldende stor forskel, dels p\u00e5 de gennemsnitlige indt\u00e6gter mellem m\u00e6nd og kvinder generelt i samfundet, og dels mellem l\u00f8nniveauet i de s\u00e5kaldte \u201ctraditionelle kvindefag\u201d og \u201ctraditionelle mandefag\u201d.<\/p>\n<p>Socialr\u00e5dgiverne har brudt lidt op i traditionen ved deres seneste overenskomstforhandlinger. Men flere andre \u201ckvindefag\u201d halter efter. Nunatsinni Perorsaasut Kattuffiat gjorde det selv klart under v\u00e6lgerm\u00f8det arrangeret af dem her f\u00f8r valget. Hvorfor ligger en buschauff\u00f8rs l\u00f8n n\u00e6sten 8000kr over en p\u00e6dagogs?<\/p>\n<p>Selvf\u00f8lgelig handler det til dels om fagforeningernes og arbejdsgivernes indbyrdes forhandlinger. Men det handler ogs\u00e5 om ligestilling og om magtforholdet mellem m\u00e6nd og kvinder i samfundet.<\/p>\n<p>Lad mig uddybe: Politik er fortsat en mandeverden, ligesom arbejdsmarkedet generelt er mandepr\u00e6get. Det der har sl\u00e5et mig er, de mange, mange bem\u00e6rkninger, mest fra mandlige kolleger, men ogs\u00e5 fra kvindelige kolleger, om graviditet og om moderskab, vi kvindelige politikere m\u00f8der i forhold til vores arbejde. F\u00e5r en mand de samme kommentarer?<\/p>\n<p>Nyest i hukommelsen er kommentaren fra en mandlig kollega p\u00e5 valgnatten: \u201dDin s\u00f8n savner dig\u201d. Igen, ville en mand nogensinde have f\u00e5et s\u00e5dan en kommentar? N\u00e6ppe. Og jeg er sikker p\u00e5, at jeg ikke er ene kvinde om at opleve dette.<\/p>\n<p>Jeg n\u00e6vner dette fordi det er ikoniske eksempler p\u00e5, at vi lever i en verden hvor arbejdsmarkedet fortsat er en mandeverden. Det skal vi g\u00f8re op med. For det f\u00f8rste kan f\u00e6dre lige s\u00e5 godt som m\u00f8dre holde barsel. Og det skal vi bane vejen for, for b\u00f8rnenes, f\u00e6drenes og ligestillingens skyld. For det andet, dette k\u00f8nsrollebillede fastholder os alle sammen i en for\u00e6ldet f\u00e6lde, hvor kvindefagene halter bagefter l\u00f8n- og arbejdsvilk\u00e5rsm\u00e6ssigt, fordi vi som samfund ikke har frigjort os fra mandschauvinismens omfavnelse.<\/p>\n<p>K\u00e6re kvinder. Vi har en kamp at k\u00e6mpe. Lad ikke feminismen g\u00e5 i glemmebogen. Det handler om noget st\u00f8rre og vigtigere end at piger og drenge har lige muligheder for at uddanne sig. For selv med \u00f8get lighed p\u00e5 uddannelsesomr\u00e5det har vi stadig ikke kn\u00e6kket uligheden p\u00e5 arbejdsmarkedet. Og feminisme er ogs\u00e5 for m\u00e6nd, for m\u00e6nd har ogs\u00e5 en interesse i, at deres \u00e6gtef\u00e6ller, k\u00e6rester, m\u00f8dre, d\u00f8tre og s\u00f8stre har gode forhold p\u00e5 arbejdsmarkedet og ikke mindst anerkendes p\u00e5 lige fod med dem selv.<\/p>\n<p>Den kamp vil Inuit Ataqatigiit fortsat k\u00e6mpe.<\/p>\n<p>Vi \u00f8nsker alle god arbejdernes internationale kampdag.<\/p>\n<p>Sara Olsvig<\/p>\n<p>Formand, Inuit Ataqatigiit<\/p>\n","protected":false},"excerpt":{"rendered":"<p>Solidaritet, sammenhold, f\u00e6llesskab, kampen for lige l\u00f8n for lige arbejde, kampen for arbejdstagernes ret til fri forhandlinger, kampen for et arbejdsmarked med plads til alle. Det er nogle af de ord vi forbinder med 1. maj. Men der er et ord der er g\u00e5et lidt for meget i glemmebogen: Feminismen. Tiden er inde til, at [&hellip;]<\/p>\n","protected":false},"author":1,"featured_media":461,"comment_status":"closed","ping_status":"closed","sticky":false,"template":"","format":"standard","meta":{"footnotes":""},"categories":[19],"tags":[],"class_list":["post-7046","post","type-post","status-publish","format-standard","has-post-thumbnail","hentry","category-seneste-nyheder-inuit-ataqatigiit"],"_links":{"self":[{"href":"https:\/\/ia.gl\/kl\/wp-json\/wp\/v2\/posts\/7046","targetHints":{"allow":["GET"]}}],"collection":[{"href":"https:\/\/ia.gl\/kl\/wp-json\/wp\/v2\/posts"}],"about":[{"href":"https:\/\/ia.gl\/kl\/wp-json\/wp\/v2\/types\/post"}],"author":[{"embeddable":true,"href":"https:\/\/ia.gl\/kl\/wp-json\/wp\/v2\/users\/1"}],"replies":[{"embeddable":true,"href":"https:\/\/ia.gl\/kl\/wp-json\/wp\/v2\/comments?post=7046"}],"version-history":[{"count":1,"href":"https:\/\/ia.gl\/kl\/wp-json\/wp\/v2\/posts\/7046\/revisions"}],"predecessor-version":[{"id":7047,"href":"https:\/\/ia.gl\/kl\/wp-json\/wp\/v2\/posts\/7046\/revisions\/7047"}],"wp:featuredmedia":[{"embeddable":true,"href":"https:\/\/ia.gl\/kl\/wp-json\/wp\/v2\/media\/461"}],"wp:attachment":[{"href":"https:\/\/ia.gl\/kl\/wp-json\/wp\/v2\/media?parent=7046"}],"wp:term":[{"taxonomy":"category","embeddable":true,"href":"https:\/\/ia.gl\/kl\/wp-json\/wp\/v2\/categories?post=7046"},{"taxonomy":"post_tag","embeddable":true,"href":"https:\/\/ia.gl\/kl\/wp-json\/wp\/v2\/tags?post=7046"}],"curies":[{"name":"wp","href":"https:\/\/api.w.org\/{rel}","templated":true}]}}