{"id":7040,"date":"2018-04-20T13:13:24","date_gmt":"2018-04-20T13:13:24","guid":{"rendered":"https:\/\/demo.ia.gl\/vi-skal-styrke-kunsten-og-kulturen\/"},"modified":"2024-07-14T20:46:24","modified_gmt":"2024-07-14T20:46:24","slug":"vi-skal-styrke-kunsten-og-kulturen","status":"publish","type":"post","link":"https:\/\/ia.gl\/kl\/vi-skal-styrke-kunsten-og-kulturen\/","title":{"rendered":"Vi skal styrke kunsten og kulturen"},"content":{"rendered":"<p>Kunst og kultur er ikke bare godt for os alle i hverdagen \u2013 det er ogs\u00e5 en livslinje tilbage til vores kulturarv og vores traditioner &#8211; samtidig med at det peger ud i fremtiden og \u00e5bner mod verden.<\/p>\n<p>N\u00e5r vi s\u00e5 intenst dr\u00f8fter selvst\u00e6ndighed, sprog og kulturel identitet \u2013 s\u00e5 m\u00e5 en offensiv og ambiti\u00f8s kulturpolitik v\u00e6re en hj\u00f8rnesten i udviklingen af fremtidens Gr\u00f8nland. Vi har s\u00e5 mange unge talenter \u2013 inden for musik, film, litteratur osv. at det giver h\u00e5b for fremtiden. Men jeg tror p\u00e5, at vi kan skabe endnu bedre rammer. Og det b\u00f8r vi g\u00f8re af mange grunde. Landets g\u00e6ster og turister nyder nemlig ogs\u00e5 godt af vores rige kultur- og kunstliv.<\/p>\n<p>Der b\u00f8r derfor laves en mere m\u00e5lrettet strategi for udviklingen af kunst, kunsth\u00e5ndv\u00e6rk, vores kulturliv og kunstuddannelser i de kommende \u00e5r. Kultur skaber liv og \u00f8nsker vi at styrke vores samfund, s\u00e5 skal kultur prioriteres h\u00f8jere. Hvis vi skal v\u00e6re flere i samfundet, s\u00e5 er kultur en vigtig hj\u00f8rnesten. Kultur skal ogs\u00e5 ses som et erhverv, der skaber besk\u00e6ftigelse, s\u00e5 vi skal arbejde for at styrke kulturen og blive bedre til at finde samfinansiering med f.eks. fonde til flere kultur tilbud til borgerne. Grundl\u00e6ggende mener vi i Inuit Ataqatigiit, for det f\u00f8rste, at det skal g\u00f8re lettere at kunne komme til at arbejde med sin kunst eller kulturelle produktion. For det andet, at borgerne skal have lettere adgang til at m\u00f8de kunst, kultur og vores kulturelle arv i hverdagen. Og endelig skal vi sikre det vigtige m\u00f8de mellem b\u00f8rn og unge \u2013 og kunsten og kulturen. Det betyder helt vanvittig meget for vores indre liv &#8211; og det vil v\u00e6re en gave for livet.<\/p>\n<p>Et rigt kulturliv er vigtigt for os som folk. Det er en del af vores <em>nation-building<\/em>. Vi skal sikre gode og kreativitetsfremmende rammer for ikke mindst de unge \u2013 steder hvor man kan \u00f8ve og spille sin musik, steder man kan udstille og steder hvor man kan skabe billeder og film og lyd. Vi har s\u00e5 mange talentfulde unge, som finder identitet og retning i deres liv gennem kunsten. D\u00e9t skal vi underst\u00f8tte, for det kan aldrig komme d\u00e5rligt tilbage.<\/p>\n<p>Konkret foresl\u00e5r Inuit Ataqatigiit:<\/p>\n<ul>\n<li>National kunst- og kulturstrategi \u2013 i samarbejde med kommunerne<\/li>\n<li>Medt\u00e6nk sm\u00e5 scener, \u00f8velokaler, udstillingsfaciliteter, filmstudier mv. i anl\u00e6gsprojekter p\u00e5 skoler, biblioteker, kulturhuse mv. s\u00e5 lokale f\u00e5r lettere adgang til at pr\u00f8ve talentet af.<\/li>\n<li>Styrk de offentlige myndigheders og institutioners eftersp\u00f8rgsel efter kunst og kultur: Til \u00e5bninger, til officielle begivenheder, til udsmykning af bygninger mv.<\/li>\n<li>Styrk skuespilleruddannelsen p\u00e5 Gr\u00f8nlands Nationalteater \u2013 der b\u00f8r etableres en 1-\u00e5rig overbygningsuddannelse.<\/li>\n<li>Etabl\u00e9r grundlaget for musikskoler i alle byer.<\/li>\n<li>Gr\u00f8nland b\u00f8r etablere rammerne for film- og forfatterskoler fx som sommerskoler og seminarer samt web-portal. Sommerskolerne kan fra \u00e5r til \u00e5r flytte fra by til by.<\/li>\n<li>Skattestyrelsen skal komme med udspil til forenkling af skattereglerne for kunstnere og kunsth\u00e5ndv\u00e6rkere, s\u00e5 f\u00e6rre havner i g\u00e6ldsproblemer<\/li>\n<li>Etablering af en gr\u00f8nlandsk ophavsretslov der tager h\u00f8jde for nye medier og platforme.<\/li>\n<li>Fornyelse af arbejdslegatlovgivningen med henblik p\u00e5 st\u00f8rre og l\u00e6ngerevarende legater<\/li>\n<li>Samarbejde med bl.a. fonde om at styrke finansiering af gr\u00f8nlandske film, f.eks. igennem Arctic Indigenous Film Fund<\/li>\n<li>Afs\u00e6t 1 % af budgettet ved nye offentlige bygninger til at indt\u00e6nke kulturel udsmykning, som man kender det fra F\u00e6r\u00f8erne<\/li>\n<\/ul>\n<p>Sara Olsvig, formand, Inuit Ataqatigiit<\/p>\n","protected":false},"excerpt":{"rendered":"<p>Kunst og kultur er ikke bare godt for os alle i hverdagen \u2013 det er ogs\u00e5 en livslinje tilbage til vores kulturarv og vores traditioner &#8211; samtidig med at det peger ud i fremtiden og \u00e5bner mod verden. N\u00e5r vi s\u00e5 intenst dr\u00f8fter selvst\u00e6ndighed, sprog og kulturel identitet \u2013 s\u00e5 m\u00e5 en offensiv og ambiti\u00f8s [&hellip;]<\/p>\n","protected":false},"author":1,"featured_media":461,"comment_status":"closed","ping_status":"closed","sticky":false,"template":"","format":"standard","meta":{"footnotes":""},"categories":[19],"tags":[],"class_list":["post-7040","post","type-post","status-publish","format-standard","has-post-thumbnail","hentry","category-seneste-nyheder-inuit-ataqatigiit"],"_links":{"self":[{"href":"https:\/\/ia.gl\/kl\/wp-json\/wp\/v2\/posts\/7040","targetHints":{"allow":["GET"]}}],"collection":[{"href":"https:\/\/ia.gl\/kl\/wp-json\/wp\/v2\/posts"}],"about":[{"href":"https:\/\/ia.gl\/kl\/wp-json\/wp\/v2\/types\/post"}],"author":[{"embeddable":true,"href":"https:\/\/ia.gl\/kl\/wp-json\/wp\/v2\/users\/1"}],"replies":[{"embeddable":true,"href":"https:\/\/ia.gl\/kl\/wp-json\/wp\/v2\/comments?post=7040"}],"version-history":[{"count":1,"href":"https:\/\/ia.gl\/kl\/wp-json\/wp\/v2\/posts\/7040\/revisions"}],"predecessor-version":[{"id":7041,"href":"https:\/\/ia.gl\/kl\/wp-json\/wp\/v2\/posts\/7040\/revisions\/7041"}],"wp:featuredmedia":[{"embeddable":true,"href":"https:\/\/ia.gl\/kl\/wp-json\/wp\/v2\/media\/461"}],"wp:attachment":[{"href":"https:\/\/ia.gl\/kl\/wp-json\/wp\/v2\/media?parent=7040"}],"wp:term":[{"taxonomy":"category","embeddable":true,"href":"https:\/\/ia.gl\/kl\/wp-json\/wp\/v2\/categories?post=7040"},{"taxonomy":"post_tag","embeddable":true,"href":"https:\/\/ia.gl\/kl\/wp-json\/wp\/v2\/tags?post=7040"}],"curies":[{"name":"wp","href":"https:\/\/api.w.org\/{rel}","templated":true}]}}