{"id":7002,"date":"2018-04-03T16:00:18","date_gmt":"2018-04-03T16:00:18","guid":{"rendered":"https:\/\/demo.ia.gl\/lad-os-goere-en-stoerre-indsats-for-vore-boern-unge-og-handicappede-som-har-gode-kompetencer\/"},"modified":"2024-07-14T20:46:23","modified_gmt":"2024-07-14T20:46:23","slug":"lad-os-goere-en-stoerre-indsats-for-vore-boern-unge-og-handicappede-som-har-gode-kompetencer","status":"publish","type":"post","link":"https:\/\/ia.gl\/kl\/lad-os-goere-en-stoerre-indsats-for-vore-boern-unge-og-handicappede-som-har-gode-kompetencer\/","title":{"rendered":"Lad os g\u00f8re en st\u00f8rre indsats for vore b\u00f8rn, unge og handicappede som har gode kompetencer\u00a0"},"content":{"rendered":"<p>Lad os forbedre folkeskolen samt b\u00f8rnenes vilk\u00e5r<\/p>\n<p>Som det er alle bekendt, er der mange unge som ikke fuldf\u00f8rer deres uddannelser og da vi er f\u00e5 i samfundet, har vi brug for alle, idet der inden for kort \u00e5rr\u00e6kke vil v\u00e6re mange som vil v\u00e6re p\u00e5 alderspension. Derfor skal vi forbedre resultaterne, begyndende fra de sm\u00e5.<\/p>\n<p>Selv om daginstitutioners forberedende indsatser for b\u00f8rn der skal starte i folkeskolen i dag er tilfredsstillende, mener jeg at der er plads til forbedringer og dette vil ske ved god brug af skolens r\u00e5dgivere.<\/p>\n<p>For nylig opfordrede B\u00f8rnetalsmanden til en omorganisering i forbindelse med at halvdelen af b\u00f8rn der g\u00e5r p\u00e5 folkeskolen g\u00e5r tabt. For det f\u00f8rste skal folkeskoler v\u00e6re behagelige at opholde sig i. Det blev ogs\u00e5 n\u00e6vnt, at b\u00f8rnene har mange store problemer i bagagen og derfor f\u00e5r begr\u00e6nset udbytte af folkeskolens undervisning som f\u00f8lge af forhold i hjemmene som resulterer i, at b\u00f8rnene kun i begr\u00e6nset omfang koncentrerer sig i skolerne. Derfor anser jeg en mere dybdeg\u00e5ende undervisning i psykologi i seminariet. Dette kan ske i t\u00e6t samarbejde med behandlingscentre. Det er allerede med i l\u00e6ringsm\u00e5lene, at \u201db\u00f8rn skal l\u00e6re at s\u00e6tte ord p\u00e5 deres f\u00f8lelser\u201d. Da vi er ganske f\u00e5 borgere i samfundet, mener jeg at hele samfundet skal st\u00e5 sammen om at l\u00f8fte omr\u00e5det.<\/p>\n<p>Hvis resultater i folkeskolerne skal forbedres, er det vigtigt at for\u00e6ldrene har forventninger om, at deres b\u00f8rn skal v\u00e6re uddannede n\u00e5r de bliver voksne. Jeg anser det for vigtigt at familier med behov for st\u00f8rre omsorg f\u00e5r den n\u00f8dvendige r\u00e5dgivning samt at man f\u00f8lger t\u00e6t p\u00e5 disse.<\/p>\n<p>Det er meget vigtigt at familieklasser som er etableret i enkelte byer, spredes ud til andre byer, idet man indtil nu har vurderet, at denne klasse er til gavn for elever med s\u00e6rlige behov.<\/p>\n<p>Med hensyn til elever i yderdistrikterne, skal fjernundervisning indf\u00f8res i fremmedsprog og i matematik. Dette kan ske gennem t\u00e6t samarbejde skolerne i mellem, idet bygdeelever som forts\u00e6tter deres skolegang i byer, kan have ringere kundskaber i disse.<\/p>\n<p>I dag er det almindeligt, at elever f\u00e5r afgangseksamen fra folkeskolen som 16-\u00e5rige. Jeg mener at man skal kunne v\u00e6lge at tage 11. klasse, idet det ikke er alle som har r\u00e5d til at sende b\u00f8rnene p\u00e5 efterskoleophold, ligesom ikke alle har mulighed for dette. Modenheden blandt vort ungdom er forskelligartet og derfor skal der v\u00e6re flere muligheder.<\/p>\n<p>&nbsp;<\/p>\n<p>Lad os bruge vores kultur til at give muligheder for vores ungdom og handicappede<\/p>\n<p>Henset til elever der f\u00e5r afgangseksamen fra folkeskolen, bliver yngre skal vi ogs\u00e5 her i landet give vore unge muligheder inden for h\u00e5ndarbejde og fangst. Dette hense til at de kan v\u00e6re selvforsynende med disse n\u00e5r de bliver voksne.<\/p>\n<p>Vi skal skabe en h\u00f8jskolelignende uddannelsesinstitution der underviser i fremstilling af nationaldragter og nyskabelser for unge med interesse for h\u00e5ndarbejde. Der kan man ogs\u00e5 give mulighed for ressourcest\u00e6rke handicappede, idet disse i dag er dem der mangler at blive tilbudt muligheder.<\/p>\n<p>I folkeskolens \u00e6ldstetrin skal man jobtr\u00e6ning ogs\u00e5 medtages, idet det vil v\u00e6re til deres fordel at komme i jobtr\u00e6ning, uden at skulle vente det fyldte 18. \u00e5r.<\/p>\n<p>&nbsp;<\/p>\n<p>Agathe Steenholdt<\/p>\n<p>Kandidat for Inuit Ataqatigiit<\/p>\n","protected":false},"excerpt":{"rendered":"<p>Lad os forbedre folkeskolen samt b\u00f8rnenes vilk\u00e5r Som det er alle bekendt, er der mange unge som ikke fuldf\u00f8rer deres uddannelser og da vi er f\u00e5 i samfundet, har vi brug for alle, idet der inden for kort \u00e5rr\u00e6kke vil v\u00e6re mange som vil v\u00e6re p\u00e5 alderspension. Derfor skal vi forbedre resultaterne, begyndende fra de [&hellip;]<\/p>\n","protected":false},"author":1,"featured_media":461,"comment_status":"closed","ping_status":"closed","sticky":false,"template":"","format":"standard","meta":{"footnotes":""},"categories":[19],"tags":[],"class_list":["post-7002","post","type-post","status-publish","format-standard","has-post-thumbnail","hentry","category-seneste-nyheder-inuit-ataqatigiit"],"_links":{"self":[{"href":"https:\/\/ia.gl\/kl\/wp-json\/wp\/v2\/posts\/7002","targetHints":{"allow":["GET"]}}],"collection":[{"href":"https:\/\/ia.gl\/kl\/wp-json\/wp\/v2\/posts"}],"about":[{"href":"https:\/\/ia.gl\/kl\/wp-json\/wp\/v2\/types\/post"}],"author":[{"embeddable":true,"href":"https:\/\/ia.gl\/kl\/wp-json\/wp\/v2\/users\/1"}],"replies":[{"embeddable":true,"href":"https:\/\/ia.gl\/kl\/wp-json\/wp\/v2\/comments?post=7002"}],"version-history":[{"count":1,"href":"https:\/\/ia.gl\/kl\/wp-json\/wp\/v2\/posts\/7002\/revisions"}],"predecessor-version":[{"id":7003,"href":"https:\/\/ia.gl\/kl\/wp-json\/wp\/v2\/posts\/7002\/revisions\/7003"}],"wp:featuredmedia":[{"embeddable":true,"href":"https:\/\/ia.gl\/kl\/wp-json\/wp\/v2\/media\/461"}],"wp:attachment":[{"href":"https:\/\/ia.gl\/kl\/wp-json\/wp\/v2\/media?parent=7002"}],"wp:term":[{"taxonomy":"category","embeddable":true,"href":"https:\/\/ia.gl\/kl\/wp-json\/wp\/v2\/categories?post=7002"},{"taxonomy":"post_tag","embeddable":true,"href":"https:\/\/ia.gl\/kl\/wp-json\/wp\/v2\/tags?post=7002"}],"curies":[{"name":"wp","href":"https:\/\/api.w.org\/{rel}","templated":true}]}}