{"id":7000,"date":"2018-04-03T12:56:07","date_gmt":"2018-04-03T12:56:07","guid":{"rendered":"https:\/\/demo.ia.gl\/lad-os-udvikle-hele-landet\/"},"modified":"2024-07-14T20:46:23","modified_gmt":"2024-07-14T20:46:23","slug":"lad-os-udvikle-hele-landet","status":"publish","type":"post","link":"https:\/\/ia.gl\/kl\/lad-os-udvikle-hele-landet\/","title":{"rendered":"Lad os udvikle hele landet"},"content":{"rendered":"<p>Jeg synes, at yderdistrikterne er fors\u00f8mt med hensyn til passagerskibstrafikken. Og vi mangler forbr\u00e6ndingsanl\u00e6g, hvor folk smider affald p\u00e5 jorden og br\u00e6nder det bagefter til stor gene for befolkningen i byerne. Det skal vi g\u00f8re noget for nu i fremtiden.<\/p>\n<p>Om sommeren er der meget t\u00e5get i Uummannaq fjorden, som resulterer i, at flytrafikken g\u00e5r i st\u00e5r, og folk bliver n\u00f8dt til at sejle til og fra Uummannaq til Ilulissat med jolle for at n\u00e5 deres fly. Det er farligt og uforsvarligt at lade folk i stikken p\u00e5 denne m\u00e5de. Det skal vi g\u00f8re noget ved hurtigst s\u00e5 muligt.<\/p>\n<p>Vi skal begynde at bruge solenergi i Norden, da det er lyst hele d\u00f8gnet om sommeren, s\u00e5 vi kan vise verden, at vi g\u00e5r ind for gr\u00f8n energi og \u00f8kologi.<\/p>\n<p>Jeg skal indf\u00f8re naturvidenskab til moderne skoler, s\u00e5 skoleelever kan begynde at interessere sig for at blive geologer, ingeni\u00f8rer og lignende. Det skal vi g\u00f8re for at realisere selvforsyning med gr\u00f8nlandske h\u00f8juddannede folk.<\/p>\n<p>Vi skal lytte mere til medborgere der bor p\u00e5 bygder yderomr\u00e5derne som er ramt af arbejdsl\u00f8shed, om hvilke tanker de har omkring udvikling samt jobskabelse i lighed med de muligheder der er i byerne. De ved hvordan situationen er, der hvor de bor og har mere kendskab til de stedlige behov.<\/p>\n<p>Vi skal bygge boliger rundt i de st\u00f8rre og i de mindre byer der er tidsvarende, for vi har alle sammen ret til en tryg bolig.<\/p>\n<p>Det er p\u00e5 tide at t\u00e6nke til fremtiden i stedet for til i morgen.<\/p>\n<p>Jukku\u00a0Ostermann\u00a0Markussen<\/p>\n<p>IA Kandidat<\/p>\n","protected":false},"excerpt":{"rendered":"<p>Jeg synes, at yderdistrikterne er fors\u00f8mt med hensyn til passagerskibstrafikken. Og vi mangler forbr\u00e6ndingsanl\u00e6g, hvor folk smider affald p\u00e5 jorden og br\u00e6nder det bagefter til stor gene for befolkningen i byerne. Det skal vi g\u00f8re noget for nu i fremtiden. Om sommeren er der meget t\u00e5get i Uummannaq fjorden, som resulterer i, at flytrafikken g\u00e5r [&hellip;]<\/p>\n","protected":false},"author":1,"featured_media":461,"comment_status":"closed","ping_status":"closed","sticky":false,"template":"","format":"standard","meta":{"footnotes":""},"categories":[19],"tags":[],"class_list":["post-7000","post","type-post","status-publish","format-standard","has-post-thumbnail","hentry","category-seneste-nyheder-inuit-ataqatigiit"],"_links":{"self":[{"href":"https:\/\/ia.gl\/kl\/wp-json\/wp\/v2\/posts\/7000","targetHints":{"allow":["GET"]}}],"collection":[{"href":"https:\/\/ia.gl\/kl\/wp-json\/wp\/v2\/posts"}],"about":[{"href":"https:\/\/ia.gl\/kl\/wp-json\/wp\/v2\/types\/post"}],"author":[{"embeddable":true,"href":"https:\/\/ia.gl\/kl\/wp-json\/wp\/v2\/users\/1"}],"replies":[{"embeddable":true,"href":"https:\/\/ia.gl\/kl\/wp-json\/wp\/v2\/comments?post=7000"}],"version-history":[{"count":1,"href":"https:\/\/ia.gl\/kl\/wp-json\/wp\/v2\/posts\/7000\/revisions"}],"predecessor-version":[{"id":7001,"href":"https:\/\/ia.gl\/kl\/wp-json\/wp\/v2\/posts\/7000\/revisions\/7001"}],"wp:featuredmedia":[{"embeddable":true,"href":"https:\/\/ia.gl\/kl\/wp-json\/wp\/v2\/media\/461"}],"wp:attachment":[{"href":"https:\/\/ia.gl\/kl\/wp-json\/wp\/v2\/media?parent=7000"}],"wp:term":[{"taxonomy":"category","embeddable":true,"href":"https:\/\/ia.gl\/kl\/wp-json\/wp\/v2\/categories?post=7000"},{"taxonomy":"post_tag","embeddable":true,"href":"https:\/\/ia.gl\/kl\/wp-json\/wp\/v2\/tags?post=7000"}],"curies":[{"name":"wp","href":"https:\/\/api.w.org\/{rel}","templated":true}]}}