{"id":6998,"date":"2018-04-03T12:07:34","date_gmt":"2018-04-03T12:07:34","guid":{"rendered":"https:\/\/demo.ia.gl\/selvstaendighed-er-maalet-og-ikke-midlet\/"},"modified":"2024-07-14T20:46:22","modified_gmt":"2024-07-14T20:46:22","slug":"selvstaendighed-er-maalet-og-ikke-midlet","status":"publish","type":"post","link":"https:\/\/ia.gl\/kl\/selvstaendighed-er-maalet-og-ikke-midlet\/","title":{"rendered":"Selvst\u00e6ndighed er m\u00e5let og ikke midlet"},"content":{"rendered":"<p><span style=\"margin: 0px; color: black; font-family: 'Calibri',sans-serif;\">Der er et eller andet, der ikke er nok. Noget, som ikke er tilstr\u00e6kkeligt. Der er en dyb l\u00e6ngsel, nemlig l\u00e6ngsel efter et selvst\u00e6ndigt land.<\/span><\/p>\n<p><span style=\"margin: 0px; color: black; font-family: 'Calibri',sans-serif;\">\u00a0<\/span><\/p>\n<p><span style=\"margin: 0px; color: black; font-family: 'Calibri',sans-serif;\">Mange er\u00a0st\u00e6rkt optaget af snakken om selvst\u00e6ndighed. Hvem\u00a0er ikke det? <\/span><\/p>\n<p><span style=\"margin: 0px; color: black; font-family: 'Calibri',sans-serif;\">\u00a0<\/span><\/p>\n<p><span style=\"margin: 0px; color: black; font-family: 'Calibri',sans-serif;\">Mange er overbeviste om, at en snarlig selvst\u00e6ndighed vil l\u00f8se vores\u00a0problemer i det gr\u00f8nlandske samfund.<\/span><\/p>\n<p><span style=\"margin: 0px; color: black; font-family: 'Calibri',sans-serif;\">Men, vi skal passe p\u00e5 med, at vores l\u00e6ngsel ikke g\u00f8r os desillusioneret. <\/span><\/p>\n<p><span style=\"margin: 0px; color: black; font-family: 'Calibri',sans-serif;\">\u00a0<\/span><\/p>\n<p><span style=\"margin: 0px; color: black; font-family: 'Calibri',sans-serif;\">Lad mig sl\u00e5 fast med det samme, at jeg ikke er et sekund i tvivl om, at vi, som et samlet folk, p\u00e5 sigt \u00f8nsker l\u00f8srivelse. <\/span><\/p>\n<p><span style=\"font-family: Calibri;\">Men, det er utopi, at tro, at en snarligt l\u00f8srivelse, vil l\u00f8se vores problemer.<\/p>\n<p>Den nuv\u00e6rende debatform blandt\u00a0nogle politikere er, efter min bedste overbevisning, roden til den krise vi m\u00f8der i selvst\u00e6ndighedsdebatten.<br \/>\nVi kan ikke komme udenom, at \u00a0nogle politikere er med til at\u00a0skabe splittelse hos befolkningen, fremfor,\u00a0at v\u00e6re med til at skabe\u00a0et fundament, som skal g\u00f8re f\u00e6llesskabet st\u00e6rkt.<\/p>\n<p>Ofte er identitets sp\u00f8rgsm\u00e5l, kulturel identitet og sprog, &#8220;brandvarme&#8221; omdrejningspunkter i i debatten. Ikke, at de ikke er n\u00f8dvendige at f\u00f8re politik p\u00e5,\u00a0men alt for mange politikere bruger\u00a0alt for meget politiske\u00a0taletid p\u00e5\u00a0menneskers forskellighed, frem for lighed, og ligev\u00e6rd i mangfoldigheden.<\/span><\/p>\n<p>&nbsp;<\/p>\n<p><span style=\"margin: 0px; color: black; font-family: 'Calibri',sans-serif;\">Den\u00a024.\u00a0april, er der valg til Inatsisartut. Og jeg er sikker p\u00e5, at sp\u00f8rgsm\u00e5let om selvst\u00e6ndighed bliver et emne, som alle, p\u00e5 en eller anden m\u00e5de, vil v\u00e6re st\u00e6rkt optaget af.<\/span><\/p>\n<p><span style=\"margin: 0px; color: black; font-family: 'Calibri',sans-serif;\">Jeg vil gerne opfordre alle politiske partier til at forpligte sig til, at den n\u00f8dvendige debat om selvst\u00e6ndighed ikke bliver p\u00e5 bekostning af befolkningsgrupper og demokratiets spilleregler.<\/span><\/p>\n<p><span style=\"margin: 0px; color: black; font-family: 'Calibri',sans-serif;\">Lad os\u00a0forpligte os til, at f\u00f8re en debat, baseret p\u00e5 fakta, og ikke p\u00e5 illusioner og p\u00e5stande.<\/span><\/p>\n<p><span style=\"margin: 0px; color: black; font-family: 'Calibri',sans-serif;\">P\u00e5 den m\u00e5de vil vi kunne undg\u00e5 de skadelige konsekvenserne ved et ugennemt\u00e6nkt og forhastet selvst\u00e6ndighedsproces.<\/span><\/p>\n<p><span style=\"color: #000000; font-family: Times New Roman;\"><br \/>\n<\/span><span style=\"font-family: Calibri;\"> Lad os have mod til at s\u00e6tte selvst\u00e6ndighedsdebatten i den rette perspektiv. For vi har mange omr\u00e5der, som vi skal arbejde p\u00e5 at forbedre, inden vi overhovedet kan p\u00e5ber\u00e5be os l\u00f8srivelse.<\/p>\n<p>Hvad er prisen p\u00e5 selvst\u00e6ndighed? Lad os v\u00e6re helt \u00e6rlige. <\/span><\/p>\n<p><span style=\"margin: 0px; color: black; font-family: 'Calibri',sans-serif;\">Vi beh\u00f8ver ikke at v\u00e6re enige i debatterne, men\u00a0vi kan som det det mindste tage ansvar for, at debattere med respekt for hinanden. Det skylder vi den n\u00e6ste generation.<\/span><\/p>\n<p><span style=\"margin: 0px; color: black; font-family: 'Calibri',sans-serif;\">\u00a0<\/span><\/p>\n<p><span style=\"margin: 0px; color: black; font-family: 'Calibri',sans-serif;\">Inussiarnersumik inuulluaqqusillunga<\/span><\/p>\n<p><span style=\"margin: 0px; color: black; font-family: 'Calibri',sans-serif;\">Inge Olsvig Brandt<\/span><\/p>\n","protected":false},"excerpt":{"rendered":"<p>Der er et eller andet, der ikke er nok. Noget, som ikke er tilstr\u00e6kkeligt. Der er en dyb l\u00e6ngsel, nemlig l\u00e6ngsel efter et selvst\u00e6ndigt land. \u00a0 Mange er\u00a0st\u00e6rkt optaget af snakken om selvst\u00e6ndighed. Hvem\u00a0er ikke det? \u00a0 Mange er overbeviste om, at en snarlig selvst\u00e6ndighed vil l\u00f8se vores\u00a0problemer i det gr\u00f8nlandske samfund. Men, vi skal [&hellip;]<\/p>\n","protected":false},"author":1,"featured_media":461,"comment_status":"closed","ping_status":"closed","sticky":false,"template":"","format":"standard","meta":{"footnotes":""},"categories":[19],"tags":[],"class_list":["post-6998","post","type-post","status-publish","format-standard","has-post-thumbnail","hentry","category-seneste-nyheder-inuit-ataqatigiit"],"_links":{"self":[{"href":"https:\/\/ia.gl\/kl\/wp-json\/wp\/v2\/posts\/6998","targetHints":{"allow":["GET"]}}],"collection":[{"href":"https:\/\/ia.gl\/kl\/wp-json\/wp\/v2\/posts"}],"about":[{"href":"https:\/\/ia.gl\/kl\/wp-json\/wp\/v2\/types\/post"}],"author":[{"embeddable":true,"href":"https:\/\/ia.gl\/kl\/wp-json\/wp\/v2\/users\/1"}],"replies":[{"embeddable":true,"href":"https:\/\/ia.gl\/kl\/wp-json\/wp\/v2\/comments?post=6998"}],"version-history":[{"count":1,"href":"https:\/\/ia.gl\/kl\/wp-json\/wp\/v2\/posts\/6998\/revisions"}],"predecessor-version":[{"id":6999,"href":"https:\/\/ia.gl\/kl\/wp-json\/wp\/v2\/posts\/6998\/revisions\/6999"}],"wp:featuredmedia":[{"embeddable":true,"href":"https:\/\/ia.gl\/kl\/wp-json\/wp\/v2\/media\/461"}],"wp:attachment":[{"href":"https:\/\/ia.gl\/kl\/wp-json\/wp\/v2\/media?parent=6998"}],"wp:term":[{"taxonomy":"category","embeddable":true,"href":"https:\/\/ia.gl\/kl\/wp-json\/wp\/v2\/categories?post=6998"},{"taxonomy":"post_tag","embeddable":true,"href":"https:\/\/ia.gl\/kl\/wp-json\/wp\/v2\/tags?post=6998"}],"curies":[{"name":"wp","href":"https:\/\/api.w.org\/{rel}","templated":true}]}}