{"id":6996,"date":"2018-04-03T07:00:55","date_gmt":"2018-04-03T07:00:55","guid":{"rendered":"https:\/\/demo.ia.gl\/ia-vi-skal-koebe-sas-og-staten-ud-af-air-greenland\/"},"modified":"2024-07-14T20:46:22","modified_gmt":"2024-07-14T20:46:22","slug":"ia-vi-skal-koebe-sas-og-staten-ud-af-air-greenland","status":"publish","type":"post","link":"https:\/\/ia.gl\/kl\/ia-vi-skal-koebe-sas-og-staten-ud-af-air-greenland\/","title":{"rendered":"IA: Vi skal k\u00f8be SAS og staten ud af Air Greenland"},"content":{"rendered":"<p><em>SAS og staten er sammen med selvstyret medejere af vores nationale luftfartsselskab. Det er ikke hensigtsm\u00e6ssigt. For i en alt for lang periode har de tre ejere haft alt for forskellige visioner for selskabet. Nu er tiden inde til, at vi fuldt ud selv ejer Air Greenland, s\u00e5 vi st\u00e5r st\u00e6rkest i den stigende konkurrence vi g\u00e5r i m\u00f8de p\u00e5 luftfartsomr\u00e5det.<\/em><\/p>\n<p>Gr\u00f8nland st\u00e5r over for k\u00e6mpe store udfordringer p\u00e5 passagertransport omr\u00e5det. Alt for mange borgere har helt urimelige trafikvilk\u00e5r. \u00c5r efter \u00e5r forlader vi os p\u00e5 servicekontrakter, som hverken servicem\u00e6ssigt eller billetprism\u00e6ssigt er forsvarlige. Samtidig g\u00e5r vi en tid i m\u00f8de, hvor vi vil opleve et stigende antal turister, \u00f8get behov for lufttransport til erhvervslivet og en \u00f8get konkurrence fra udefrakommende selskaber.<\/p>\n<p>Vores samfundsejede luftfartsselskab er en ekstremt vigtig spiller i den nationale transport.<\/p>\n<p>Virksomheden er en af samfundets livsnerver. Dette skal vi v\u00e6rne om. Og vi som samfund skal i h\u00f8jere grad selv sidde for bordenden i beslutningerne om, hvilke fly og helikoptere Air Greenland skal anskaffe sig. Som det ligger i dag er de tre ejeres hensigter s\u00e5 forskellige, at det er vores opfattelse, at der ikke bliver lavet de n\u00f8dvendige investeringer i nye fly og helikoptere. Det stiller borgerne d\u00e5rligt og selskabet i en \u00f8get konkurrence.\u00a0 Det vil Inuit Ataqatigiit lave om p\u00e5.<\/p>\n<p><strong>P\u00e5 kommercielle vilk\u00e5r<\/strong><\/p>\n<p>Vi foresl\u00e5r, at vi opk\u00f8ber SAS\u2019 og statens aktier i Air Greenland, s\u00e5 selskabet bliver fuldt ud samfundsejet af det gr\u00f8nlandske samfund. Vi vil samtidig sige, at vi hilser \u00f8get konkurrence velkommen, og vil sikre, at et 100 % gr\u00f8nlandsk ejet Air Greenland forvaltes p\u00e5 kommercielle vilk\u00e5r og med armsl\u00e6ngdeprincip fra Naalakkersuisut.<\/p>\n<p>Vigtigst er det, at det st\u00f8rste selskab p\u00e5 vores hjemlige marked er p\u00e5 egne h\u00e6nder, s\u00e5 vi selv i h\u00f8jere grad er herre over selskabets prioriteringer. At selskabet f\u00e5r investeret i nye helikoptere og fly er vigtigere end at betale udbytte til ejere uden for landet.<\/p>\n<p>S\u00e6rligt i forhold til de store beslutninger, som ligger foran os om lufthavnsstrukturer skal vi sikre os, at vi har de bedste kort p\u00e5 h\u00e5nden. Vi skal kunne forvalte vores eget luftfartsselskab p\u00e5 den bedst t\u00e6nkelige m\u00e5de, s\u00e5 vi sikrer, at det er borgerne og det gr\u00f8nlandske samfunds behov som er nr. 1.<\/p>\n<p>Et 100 % samfundsejet Airgreenland vil sikre en st\u00e6rk position.<\/p>\n<p>Det vil sikre, at vi st\u00e5r st\u00e6rkest i den \u00f8gede konkurrence vi kommer til at opleve. Det vil ogs\u00e5 sikre, at vi udnytter udviklingsmulighederne optimalt \u2013 for alle borgere og lufttransport i hele landet.<\/p>\n<p><em>Aqqaluaq B. Egede, n\u00e6stformand, Inuit Ataqatigiit<\/em><\/p>\n","protected":false},"excerpt":{"rendered":"<p>SAS og staten er sammen med selvstyret medejere af vores nationale luftfartsselskab. Det er ikke hensigtsm\u00e6ssigt. For i en alt for lang periode har de tre ejere haft alt for forskellige visioner for selskabet. Nu er tiden inde til, at vi fuldt ud selv ejer Air Greenland, s\u00e5 vi st\u00e5r st\u00e6rkest i den stigende konkurrence [&hellip;]<\/p>\n","protected":false},"author":1,"featured_media":461,"comment_status":"closed","ping_status":"closed","sticky":false,"template":"","format":"standard","meta":{"footnotes":""},"categories":[19],"tags":[],"class_list":["post-6996","post","type-post","status-publish","format-standard","has-post-thumbnail","hentry","category-seneste-nyheder-inuit-ataqatigiit"],"_links":{"self":[{"href":"https:\/\/ia.gl\/kl\/wp-json\/wp\/v2\/posts\/6996","targetHints":{"allow":["GET"]}}],"collection":[{"href":"https:\/\/ia.gl\/kl\/wp-json\/wp\/v2\/posts"}],"about":[{"href":"https:\/\/ia.gl\/kl\/wp-json\/wp\/v2\/types\/post"}],"author":[{"embeddable":true,"href":"https:\/\/ia.gl\/kl\/wp-json\/wp\/v2\/users\/1"}],"replies":[{"embeddable":true,"href":"https:\/\/ia.gl\/kl\/wp-json\/wp\/v2\/comments?post=6996"}],"version-history":[{"count":1,"href":"https:\/\/ia.gl\/kl\/wp-json\/wp\/v2\/posts\/6996\/revisions"}],"predecessor-version":[{"id":6997,"href":"https:\/\/ia.gl\/kl\/wp-json\/wp\/v2\/posts\/6996\/revisions\/6997"}],"wp:featuredmedia":[{"embeddable":true,"href":"https:\/\/ia.gl\/kl\/wp-json\/wp\/v2\/media\/461"}],"wp:attachment":[{"href":"https:\/\/ia.gl\/kl\/wp-json\/wp\/v2\/media?parent=6996"}],"wp:term":[{"taxonomy":"category","embeddable":true,"href":"https:\/\/ia.gl\/kl\/wp-json\/wp\/v2\/categories?post=6996"},{"taxonomy":"post_tag","embeddable":true,"href":"https:\/\/ia.gl\/kl\/wp-json\/wp\/v2\/tags?post=6996"}],"curies":[{"name":"wp","href":"https:\/\/api.w.org\/{rel}","templated":true}]}}