{"id":6986,"date":"2018-03-23T10:52:18","date_gmt":"2018-03-23T10:52:18","guid":{"rendered":"https:\/\/demo.ia.gl\/barselslov-der-sikrer-en-tryg-start-paa-livet\/"},"modified":"2024-07-14T20:46:22","modified_gmt":"2024-07-14T20:46:22","slug":"barselslov-der-sikrer-en-tryg-start-paa-livet","status":"publish","type":"post","link":"https:\/\/ia.gl\/kl\/barselslov-der-sikrer-en-tryg-start-paa-livet\/","title":{"rendered":"Barselslov der sikrer en tryg start p\u00e5 livet"},"content":{"rendered":"<p>Arbejdsmarked handler ogs\u00e5 om ligestilling. Vi vil rette op de ulige vilk\u00e5r der er p\u00e5 arbejdsmarkedet i forhold til retten til barsel. Alt for mange familier bliver \u00f8konomisk pressede n\u00e5r de f\u00e5r b\u00f8rn, fordi ikke alle har ret til l\u00f8n under barsel. Det vil Inuit Ataqatigiit g\u00f8re noget ved.<\/p>\n<p>Der skal v\u00e6re plads til at f\u00e5 familie i alles liv. Der skal v\u00e6re plads til familien, ogs\u00e5 selvom man er en travl mor eller far p\u00e5 arbejdsmarkedet. Derfor vil vi f\u00f8rst og fremmest sikre, at alle har ret til l\u00f8n under barsel. Kvinder kan opleve at blive afvist p\u00e5 arbejdsmarkedet, hvis de er i den f\u00f8dedygtige alder. Det m\u00e5 ikke ske i Gr\u00f8nland.<\/p>\n<p>Arbejdsmarkedet skal have incitament til at sikre, at arbejdstider og vilk\u00e5r er indrettet s\u00e5 der er plads til familien, for eksempel ved \u00f8get mulighed for periodevis deltid og flextid.\u00a0 Endelig vil vi det problem til livs, at barselsorloven er for kort. L\u00e6ngere barsel vil sikre en tryg start p\u00e5 livet.<\/p>\n<p>Her er fire initiativer vi inviterer til at v\u00e6re f\u00e6lles om:<\/p>\n<ul>\n<li>Oprettelse af en barselsfond \u2013 for at sikre, at alle f\u00e5r l\u00f8n under barsel og har mulighed for at tage barsel<\/li>\n<li>\u00d8rem\u00e6rket barsel til f\u00e6dre \u2013 for ligestilling i hjem og p\u00e5 arbejdsmarkedet<\/li>\n<li>Udvikling af familiepolitik p\u00e5 arbejdsmarkedet \u2013 i samarbejde med arbejdsmarkedets parter<\/li>\n<li>Vi vil forl\u00e6nge barselsperioden med 10 uger<\/li>\n<\/ul>\n<p>Inuit Ataqatigiit mener, at f\u00e6drebarsel er en rigtig god samfundsinvestering. Det er sundt for barnet, der oplever begge for\u00e6ldres k\u00e6rlighed, omsorg, tryghed og tilknytning fra livets start.<\/p>\n<p>Det er sundt for parforholdet, fordi for\u00e6ldrene samarbejder og kommunikerer bedre om b\u00f8rnene i alle moderne familieformer.<\/p>\n<p>M\u00fate Bourup Egede, Inuit Ataqatigiit<\/p>\n","protected":false},"excerpt":{"rendered":"<p>Arbejdsmarked handler ogs\u00e5 om ligestilling. Vi vil rette op de ulige vilk\u00e5r der er p\u00e5 arbejdsmarkedet i forhold til retten til barsel. Alt for mange familier bliver \u00f8konomisk pressede n\u00e5r de f\u00e5r b\u00f8rn, fordi ikke alle har ret til l\u00f8n under barsel. Det vil Inuit Ataqatigiit g\u00f8re noget ved. Der skal v\u00e6re plads til at [&hellip;]<\/p>\n","protected":false},"author":1,"featured_media":461,"comment_status":"closed","ping_status":"closed","sticky":false,"template":"","format":"standard","meta":{"footnotes":""},"categories":[19],"tags":[],"class_list":["post-6986","post","type-post","status-publish","format-standard","has-post-thumbnail","hentry","category-seneste-nyheder-inuit-ataqatigiit"],"_links":{"self":[{"href":"https:\/\/ia.gl\/kl\/wp-json\/wp\/v2\/posts\/6986","targetHints":{"allow":["GET"]}}],"collection":[{"href":"https:\/\/ia.gl\/kl\/wp-json\/wp\/v2\/posts"}],"about":[{"href":"https:\/\/ia.gl\/kl\/wp-json\/wp\/v2\/types\/post"}],"author":[{"embeddable":true,"href":"https:\/\/ia.gl\/kl\/wp-json\/wp\/v2\/users\/1"}],"replies":[{"embeddable":true,"href":"https:\/\/ia.gl\/kl\/wp-json\/wp\/v2\/comments?post=6986"}],"version-history":[{"count":1,"href":"https:\/\/ia.gl\/kl\/wp-json\/wp\/v2\/posts\/6986\/revisions"}],"predecessor-version":[{"id":6987,"href":"https:\/\/ia.gl\/kl\/wp-json\/wp\/v2\/posts\/6986\/revisions\/6987"}],"wp:featuredmedia":[{"embeddable":true,"href":"https:\/\/ia.gl\/kl\/wp-json\/wp\/v2\/media\/461"}],"wp:attachment":[{"href":"https:\/\/ia.gl\/kl\/wp-json\/wp\/v2\/media?parent=6986"}],"wp:term":[{"taxonomy":"category","embeddable":true,"href":"https:\/\/ia.gl\/kl\/wp-json\/wp\/v2\/categories?post=6986"},{"taxonomy":"post_tag","embeddable":true,"href":"https:\/\/ia.gl\/kl\/wp-json\/wp\/v2\/tags?post=6986"}],"curies":[{"name":"wp","href":"https:\/\/api.w.org\/{rel}","templated":true}]}}