{"id":6976,"date":"2018-03-08T10:53:56","date_gmt":"2018-03-08T10:53:56","guid":{"rendered":"https:\/\/demo.ia.gl\/hver-by-og-bygd-har-brug-for-sin-aktivist-for-kvinders-rettigheder\/"},"modified":"2024-07-14T20:46:22","modified_gmt":"2024-07-14T20:46:22","slug":"hver-by-og-bygd-har-brug-for-sin-aktivist-for-kvinders-rettigheder","status":"publish","type":"post","link":"https:\/\/ia.gl\/kl\/hver-by-og-bygd-har-brug-for-sin-aktivist-for-kvinders-rettigheder\/","title":{"rendered":"Hver by og bygd har brug for sin aktivist for kvinders rettigheder"},"content":{"rendered":"<p>FN tema for kvindernes kampdag kan overs\u00e6ttes til \u201cTiden er inde: aktivister fra by og bygd \u00e6ndrer kvinders\u201d &#8211; \u201cTime is Now: Rural and urban activists transforming women\u2019s lives\u201d.<\/p>\n<p>Kampen for ligestilling kan v\u00e6re meget individuel. For mig handler det hver og alle steder at k\u00e6mpe for ligev\u00e6rdighed.<\/p>\n<p>Det vil skabe et st\u00e6rkt fundament, at vi skaber lige muligheder for b\u00e5de piger og drenge, kvinder og m\u00e6nd, uanset hvor man bor. Det handler om vores samfunds sammenh\u00e6ngskraft, udvikling og b\u00e6redygtighed.<\/p>\n<p>Der er fortsat en kamp at k\u00e6mpe, og hver by og bygd har brug for sin aktivist for kvinders rettigheder. Lad os deltage, danne meninger og \u00e6ndre verden!<\/p>\n<p>Jeg \u00f8nsker b\u00e5de kvinder og m\u00e6nd gl\u00e6delig kvindernes internationale kampdag. Vi skal k\u00e6mpe side om side for ligestilling og kvinders og pigers rettigheder.<\/p>\n<p>Gl\u00e6delig Kvindernes Internationale Kampdag til alle!<br \/>\nFormand for Inuit Ataqatigiit<br \/>\nSara Olsvig<\/p>\n","protected":false},"excerpt":{"rendered":"<p>FN tema for kvindernes kampdag kan overs\u00e6ttes til \u201cTiden er inde: aktivister fra by og bygd \u00e6ndrer kvinders\u201d &#8211; \u201cTime is Now: Rural and urban activists transforming women\u2019s lives\u201d. Kampen for ligestilling kan v\u00e6re meget individuel. For mig handler det hver og alle steder at k\u00e6mpe for ligev\u00e6rdighed. Det vil skabe et st\u00e6rkt fundament, at [&hellip;]<\/p>\n","protected":false},"author":1,"featured_media":461,"comment_status":"closed","ping_status":"closed","sticky":false,"template":"","format":"standard","meta":{"footnotes":""},"categories":[19],"tags":[],"class_list":["post-6976","post","type-post","status-publish","format-standard","has-post-thumbnail","hentry","category-seneste-nyheder-inuit-ataqatigiit"],"_links":{"self":[{"href":"https:\/\/ia.gl\/kl\/wp-json\/wp\/v2\/posts\/6976","targetHints":{"allow":["GET"]}}],"collection":[{"href":"https:\/\/ia.gl\/kl\/wp-json\/wp\/v2\/posts"}],"about":[{"href":"https:\/\/ia.gl\/kl\/wp-json\/wp\/v2\/types\/post"}],"author":[{"embeddable":true,"href":"https:\/\/ia.gl\/kl\/wp-json\/wp\/v2\/users\/1"}],"replies":[{"embeddable":true,"href":"https:\/\/ia.gl\/kl\/wp-json\/wp\/v2\/comments?post=6976"}],"version-history":[{"count":1,"href":"https:\/\/ia.gl\/kl\/wp-json\/wp\/v2\/posts\/6976\/revisions"}],"predecessor-version":[{"id":6977,"href":"https:\/\/ia.gl\/kl\/wp-json\/wp\/v2\/posts\/6976\/revisions\/6977"}],"wp:featuredmedia":[{"embeddable":true,"href":"https:\/\/ia.gl\/kl\/wp-json\/wp\/v2\/media\/461"}],"wp:attachment":[{"href":"https:\/\/ia.gl\/kl\/wp-json\/wp\/v2\/media?parent=6976"}],"wp:term":[{"taxonomy":"category","embeddable":true,"href":"https:\/\/ia.gl\/kl\/wp-json\/wp\/v2\/categories?post=6976"},{"taxonomy":"post_tag","embeddable":true,"href":"https:\/\/ia.gl\/kl\/wp-json\/wp\/v2\/tags?post=6976"}],"curies":[{"name":"wp","href":"https:\/\/api.w.org\/{rel}","templated":true}]}}