{"id":6974,"date":"2018-03-08T10:34:45","date_gmt":"2018-03-08T10:34:45","guid":{"rendered":"https:\/\/demo.ia.gl\/maend-og-kvinder-skal-sammen-kaempe-for-kvinders-rettigheder\/"},"modified":"2024-07-14T20:46:22","modified_gmt":"2024-07-14T20:46:22","slug":"maend-og-kvinder-skal-sammen-kaempe-for-kvinders-rettigheder","status":"publish","type":"post","link":"https:\/\/ia.gl\/kl\/maend-og-kvinder-skal-sammen-kaempe-for-kvinders-rettigheder\/","title":{"rendered":"M\u00e6nd og kvinder skal sammen k\u00e6mpe for kvinders rettigheder"},"content":{"rendered":"<p>Torsdag den 8. marts\u00a0er det kvindernes internationale kampdag. Hvert \u00e5r den 8. marts fejres og markeres dagen verden over\u00a0&#8211; ogs\u00e5 i Gr\u00f8nland.<\/p>\n<p>Kvinder er p\u00e5 mange m\u00e5der rygraden i ethvert samfund og i mange hjem. Selvom vi har opn\u00e5et mange sejre for f.eks. kvinders ret til uddannelse, adgang til bestyrelser og til ligev\u00e6rd i hjemmet, s\u00e5 er der stadig en r\u00e6kke kampe foran os.<\/p>\n<p>N\u00e5r vi ser billeder af dimittender fra vores mange uddannelsessteder, er det ofte flest kvinder, der har f\u00e6rdiggjort en uddannelse. Vi har et flertal af kvinder i vores selvstyreejede selskabers bestyrelser.\u00a0 Og p\u00e5 hjemmefronten deles kvinder og m\u00e6nd i h\u00f8jere grad om de hjemlige pligter.<\/p>\n<p>Kampen for kvinders ligestilling i samfund er ikke kun en kamp for kvinder. Det skal ogs\u00e5 v\u00e6re m\u00e6ndenes kamp. I dag ved vi at mangfoldighed i forhold til k\u00f8n, etnicitet og alder er en fordel for, at vi kan se et samfundsproblem fra de mange forskellige sider der er i samfundet. Det er med til at vi forbedrer de politiske l\u00f8sninger. Derfor er der ogs\u00e5 behov for flere kvinder i politik.<\/p>\n<p>Den globale \u201dMe too\u201d kampagne har vist en underverden af negative historier om den m\u00e5de <em>nogle <\/em>m\u00e6nd har behandlet kvinder p\u00e5. Derfor er det ogs\u00e5 vigtigt, at m\u00e6nd ogs\u00e5 tager del i kampen for kvinders rettigheder og den m\u00e5de kvinder bliver behandlet p\u00e5. Det er den eneste m\u00e5de vi kan l\u00f8se udfordringer med vold, voldt\u00e6gt og misbrug af piger og kvinder.<\/p>\n<p>Tallene viser, at der er flere piger end drenge der uds\u00e6ttes for seksuelle overgreb. Tallene viser ogs\u00e5, at der er flere anmeldelser af vold mod kvinder end vold mod m\u00e6nd.\u00a0Kvinder beg\u00e5r ogs\u00e5 vold og det skal ogs\u00e5 bek\u00e6mpes. Men det siger noget om, at der er et behov for at vi som samfund sl\u00e5r fast, at vi har et ligev\u00e6rdigt\u00a0menneskesyn. M\u00e6nd og kvinder er lige v\u00e6rd og alle fortjener at leve et liv uden vold, voldt\u00e6gt eller seksuel misbrug.<\/p>\n<p>FN\u2019s Verdensm\u00e5l har et stort form\u00e5l: at sikre, at alle er med. Hvis vi skal sikre piger og kvinders rettigheder og dermed et mere mangfoldigt og rigt samfund, s\u00e5 har vi brug for alle kr\u00e6fter og brug for ingen efterlades tilbage alene.<\/p>\n<p>Endnu engang vil vi \u00f8nske b\u00e5de kvinder og m\u00e6nd gl\u00e6delig kvindernes internationale kampdag. Vi skal k\u00e6mpe side om side for ligestilling og kvinders og pigers rettigheder.<\/p>\n<p>Bendt B. Kristiansen<br \/>\nAaja Chemnitz Larsen<\/p>\n","protected":false},"excerpt":{"rendered":"<p>Torsdag den 8. marts\u00a0er det kvindernes internationale kampdag. Hvert \u00e5r den 8. marts fejres og markeres dagen verden over\u00a0&#8211; ogs\u00e5 i Gr\u00f8nland. Kvinder er p\u00e5 mange m\u00e5der rygraden i ethvert samfund og i mange hjem. Selvom vi har opn\u00e5et mange sejre for f.eks. kvinders ret til uddannelse, adgang til bestyrelser og til ligev\u00e6rd i hjemmet, [&hellip;]<\/p>\n","protected":false},"author":1,"featured_media":461,"comment_status":"closed","ping_status":"closed","sticky":false,"template":"","format":"standard","meta":{"footnotes":""},"categories":[19],"tags":[],"class_list":["post-6974","post","type-post","status-publish","format-standard","has-post-thumbnail","hentry","category-seneste-nyheder-inuit-ataqatigiit"],"_links":{"self":[{"href":"https:\/\/ia.gl\/kl\/wp-json\/wp\/v2\/posts\/6974","targetHints":{"allow":["GET"]}}],"collection":[{"href":"https:\/\/ia.gl\/kl\/wp-json\/wp\/v2\/posts"}],"about":[{"href":"https:\/\/ia.gl\/kl\/wp-json\/wp\/v2\/types\/post"}],"author":[{"embeddable":true,"href":"https:\/\/ia.gl\/kl\/wp-json\/wp\/v2\/users\/1"}],"replies":[{"embeddable":true,"href":"https:\/\/ia.gl\/kl\/wp-json\/wp\/v2\/comments?post=6974"}],"version-history":[{"count":1,"href":"https:\/\/ia.gl\/kl\/wp-json\/wp\/v2\/posts\/6974\/revisions"}],"predecessor-version":[{"id":6975,"href":"https:\/\/ia.gl\/kl\/wp-json\/wp\/v2\/posts\/6974\/revisions\/6975"}],"wp:featuredmedia":[{"embeddable":true,"href":"https:\/\/ia.gl\/kl\/wp-json\/wp\/v2\/media\/461"}],"wp:attachment":[{"href":"https:\/\/ia.gl\/kl\/wp-json\/wp\/v2\/media?parent=6974"}],"wp:term":[{"taxonomy":"category","embeddable":true,"href":"https:\/\/ia.gl\/kl\/wp-json\/wp\/v2\/categories?post=6974"},{"taxonomy":"post_tag","embeddable":true,"href":"https:\/\/ia.gl\/kl\/wp-json\/wp\/v2\/tags?post=6974"}],"curies":[{"name":"wp","href":"https:\/\/api.w.org\/{rel}","templated":true}]}}