{"id":6968,"date":"2018-02-20T10:08:30","date_gmt":"2018-02-20T10:08:30","guid":{"rendered":"https:\/\/demo.ia.gl\/internatonal-dag-for-social-retfaerdighed\/"},"modified":"2024-07-14T20:46:22","modified_gmt":"2024-07-14T20:46:22","slug":"internatonal-dag-for-social-retfaerdighed","status":"publish","type":"post","link":"https:\/\/ia.gl\/kl\/internatonal-dag-for-social-retfaerdighed\/","title":{"rendered":"Internatonal dag for social retf\u00e6rdighed"},"content":{"rendered":"<p>Den Internationale dag for social retf\u00e6rdighed er den 20. februar. Det er p\u00e5 denne dag vigtigt at g\u00f8re opm\u00e6rksom, at ift. befolkningerne i de forskellige lande og som lever under meget forskellige vilk\u00e5r \u2013 er at mange stadig lever under kummerlige vilk\u00e5r. Derfor skal vi sammen k\u00e6mpe for, hvordan vi kan g\u00f8re ulighederne mindre og skabe mere harmoniske samfund. Hvordan kan vi bedst bek\u00e6mpe arbejdsl\u00f8sheden forskellige steder i verden og derigennem at f\u00e5 skabt st\u00f8rre solidaritet og harmoni blandt befolkningerne i de forskellige lande p\u00e5 den klode vi lever i.<\/p>\n<p>Disse forhold er ogs\u00e5 vigtige at forholde sig ogs\u00e5 her i landet. Selvom der mellem de folkevalgte landspolitikere og kommunalpolitikere er kommet st\u00f8rre fokus p\u00e5 dette forhold, s\u00e5 er problemerne langtfra l\u00f8st.<\/p>\n<p>Det er for Naalakkersuisut og kommunerne vigtigt at se p\u00e5 hele individets behov, og se det ud fra tv\u00e6rfaglige hensyn. Et barn, en \u00e6ldre person eller en handicappet skal hver is\u00e6r serviceres set ud fra individets behov, og alle b\u00f8r derfor bidrage til, at det lykkes. Kun gennem samarbejde kan det lykkes at bane vejen for et mere solidarisk samfund.<\/p>\n<p>Selv den dag idag er levevilk\u00e5rene meget forskellige her i landet. Gennem n\u00e6rhed og samtaler samt gennem lysten til at dele af samfundets goder, kan vi sammen skabe et mere retf\u00e6rdigt og ligev\u00e6rdigt samfund. Alle skal bidrage til dette og skabe grundlaget for at vi alle kan f\u00e5 det bedre.<br \/>\nLad os derfor gennem samarbejde og solidaritet f\u00e5 skab et mere ligev\u00e6rdigt samfund til gavn for os alle.<\/p>\n<p>Debora Kleist, Inuit Ataqatigiit<\/p>\n","protected":false},"excerpt":{"rendered":"<p>Den Internationale dag for social retf\u00e6rdighed er den 20. februar. Det er p\u00e5 denne dag vigtigt at g\u00f8re opm\u00e6rksom, at ift. befolkningerne i de forskellige lande og som lever under meget forskellige vilk\u00e5r \u2013 er at mange stadig lever under kummerlige vilk\u00e5r. Derfor skal vi sammen k\u00e6mpe for, hvordan vi kan g\u00f8re ulighederne mindre og [&hellip;]<\/p>\n","protected":false},"author":1,"featured_media":461,"comment_status":"closed","ping_status":"closed","sticky":false,"template":"","format":"standard","meta":{"footnotes":""},"categories":[19],"tags":[],"class_list":["post-6968","post","type-post","status-publish","format-standard","has-post-thumbnail","hentry","category-seneste-nyheder-inuit-ataqatigiit"],"_links":{"self":[{"href":"https:\/\/ia.gl\/kl\/wp-json\/wp\/v2\/posts\/6968","targetHints":{"allow":["GET"]}}],"collection":[{"href":"https:\/\/ia.gl\/kl\/wp-json\/wp\/v2\/posts"}],"about":[{"href":"https:\/\/ia.gl\/kl\/wp-json\/wp\/v2\/types\/post"}],"author":[{"embeddable":true,"href":"https:\/\/ia.gl\/kl\/wp-json\/wp\/v2\/users\/1"}],"replies":[{"embeddable":true,"href":"https:\/\/ia.gl\/kl\/wp-json\/wp\/v2\/comments?post=6968"}],"version-history":[{"count":1,"href":"https:\/\/ia.gl\/kl\/wp-json\/wp\/v2\/posts\/6968\/revisions"}],"predecessor-version":[{"id":6969,"href":"https:\/\/ia.gl\/kl\/wp-json\/wp\/v2\/posts\/6968\/revisions\/6969"}],"wp:featuredmedia":[{"embeddable":true,"href":"https:\/\/ia.gl\/kl\/wp-json\/wp\/v2\/media\/461"}],"wp:attachment":[{"href":"https:\/\/ia.gl\/kl\/wp-json\/wp\/v2\/media?parent=6968"}],"wp:term":[{"taxonomy":"category","embeddable":true,"href":"https:\/\/ia.gl\/kl\/wp-json\/wp\/v2\/categories?post=6968"},{"taxonomy":"post_tag","embeddable":true,"href":"https:\/\/ia.gl\/kl\/wp-json\/wp\/v2\/tags?post=6968"}],"curies":[{"name":"wp","href":"https:\/\/api.w.org\/{rel}","templated":true}]}}