{"id":6958,"date":"2018-01-13T13:06:43","date_gmt":"2018-01-13T13:06:43","guid":{"rendered":"https:\/\/demo.ia.gl\/der-er-brug-for-en-stabil-aktiv-og-inddragende-forfatningskommission\/"},"modified":"2024-07-14T20:46:21","modified_gmt":"2024-07-14T20:46:21","slug":"der-er-brug-for-en-stabil-aktiv-og-inddragende-forfatningskommission","status":"publish","type":"post","link":"https:\/\/ia.gl\/kl\/der-er-brug-for-en-stabil-aktiv-og-inddragende-forfatningskommission\/","title":{"rendered":"Der er brug for en stabil, aktiv og inddragende forfatningskommission"},"content":{"rendered":"<p>Inuit Ataqatigiits Inatsisartutgruppe har udpeget Debora Kleist som nyt medlem af Forfatningskommissionen. Debora Kleist har med sin store erfaring i politik og evne til at samle en solid baggrund, som vi ved sammen med vores andet medlem Mimi Karlsen vil tilf\u00f8re Forfatningskommissionen yderligere styrke.<br \/>\nVi ser fra Inuit Ataqatigiit frem til at forts\u00e6tte arbejdet i Forfatningskommissionen. Vi siger i vores nyt\u00e5rsudtalelse:<br \/>\n\u201cEt frit folk er et folk, hvor alle individer har en indre frihed. Fri for fordomme, fri for diskrimination, fri for undertrykkelse. Vi skal alle v\u00e6re med til at l\u00f8fte arbejdet og tage ansvar\u201d.<br \/>\n\u201cNetop at der skal v\u00e6re plads til alle er et grundprincip vi fra Inuit Ataqatigiit s\u00e6tter h\u00f8jest p\u00e5 dagsordenen i arbejdet med vores kommende grundlov. En grundlov skal blandt andet indeholde alle borgeres civile og politiske rettigheder. I sp\u00f8rgsm\u00e5let om, hvem der har ret til hvad, er det for os afg\u00f8rende, at alle som selv identificerer sig som v\u00e6rende gr\u00f8nl\u00e6nder anerkendes. Samtidig er det et grundprincip, at vi som land skal leve op til vores forpligtelser over for vore mindretal. Med andre ord, vi skal v\u00e6re inkluderende og ikke ekskluderende. Det g\u00e6lder identitet, det g\u00e6lder sprog, det g\u00e6lder udseende og etnicitet. Vi har brug for alle\u201d.<br \/>\nFra Inuit Ataqatigiit vil vi fortsat arbejde intensivt i Forfatningskommissionen for at opfylde disse v\u00e6rdier. Forfatningsarbejdet skal samle landet og folket, ikke splitte.<br \/>\nMedlemskontinuitet n\u00f8dvendig<br \/>\nVi mener fra Inuit Ataqatigiit, at det er \u00e6rgerligt, at arbejdet i Kommissionen startede med politiske uenigheder som ikke omhandler selve indholdet af arbejdet. Der er brugt en masse tid og kr\u00e6fter p\u00e5 at diskutere hvem der skal sidde p\u00e5 hvilke s\u00e6der i stedet for fra dag \u00e9t at koncentrere sig om arbejdets indhold. Vi kr\u00e6ver en bedre ledelse af arbejdet i Forfatningskommissionen og opfordrer st\u00e6rkt til, at ledelsen baner vejen for en ordentlig proces, som man st\u00e5r sammen om fremad.<br \/>\nNaalakkersuisut tog den 10. januar 2018 stilling til to sp\u00f8rgsm\u00e5l vedr\u00f8rende medlemmer af Forfatningskommissionen.<br \/>\nI sp\u00f8rgsm\u00e5let om Inuit Ataqatigiits ans\u00f8gning om fortsat medlemsskab af det ene af vores medlemmer af Forfatningskommissionen stemte vi som et mindretal imod flertallets beslutning. Vi tager flertallets beslutning til efterretning.<br \/>\nVi h\u00e5ber ikke, at denne udskiftning vil danne en kedelig pr\u00e6cedens for, at der fremover skal udskiftes medlemmer igen og igen.<br \/>\nDisse seneste sager viser, at der er behov for en mere gennemt\u00e6nkt m\u00e5de at udpege medlemmer af Forfatningskommissionen p\u00e5.<br \/>\nBred deltagelse afg\u00f8rende<br \/>\nVi vil fra Inuit Ataqatigiit g\u00f8re det klart, at vi mener der skal sikres en bred deltagelse i Forfatningskommissionens arbejde. Dette betyder, at relevante organisationer, kommuner, andre interessenter og ikke mindst borgerne skal inddrages meget mere aktivt i arbejdet. Derfor er vi glade for, at der nu sikres tilforordnede fra kommunerne. Vi kr\u00e6ver fortsat en klar borgerinddragelsesplan af Kommissionen og ser frem til at blive yderligere oplyst om denne plan.<br \/>\nInuit Ataqatigiit vil g\u00e5 i spidsen for, at der findes en model som er mere borgern\u00e6r og inddragende, mere stabil, sikrer mere viden om arbejdets indhold samt mere tid til arbejdet.<\/p>\n<p>Sara Olsvig<br \/>\nFormand<br \/>\nInuit Ataqatigiit<\/p>\n","protected":false},"excerpt":{"rendered":"<p>Inuit Ataqatigiits Inatsisartutgruppe har udpeget Debora Kleist som nyt medlem af Forfatningskommissionen. Debora Kleist har med sin store erfaring i politik og evne til at samle en solid baggrund, som vi ved sammen med vores andet medlem Mimi Karlsen vil tilf\u00f8re Forfatningskommissionen yderligere styrke. Vi ser fra Inuit Ataqatigiit frem til at forts\u00e6tte arbejdet i [&hellip;]<\/p>\n","protected":false},"author":1,"featured_media":461,"comment_status":"closed","ping_status":"closed","sticky":false,"template":"","format":"standard","meta":{"footnotes":""},"categories":[19],"tags":[],"class_list":["post-6958","post","type-post","status-publish","format-standard","has-post-thumbnail","hentry","category-seneste-nyheder-inuit-ataqatigiit"],"_links":{"self":[{"href":"https:\/\/ia.gl\/kl\/wp-json\/wp\/v2\/posts\/6958","targetHints":{"allow":["GET"]}}],"collection":[{"href":"https:\/\/ia.gl\/kl\/wp-json\/wp\/v2\/posts"}],"about":[{"href":"https:\/\/ia.gl\/kl\/wp-json\/wp\/v2\/types\/post"}],"author":[{"embeddable":true,"href":"https:\/\/ia.gl\/kl\/wp-json\/wp\/v2\/users\/1"}],"replies":[{"embeddable":true,"href":"https:\/\/ia.gl\/kl\/wp-json\/wp\/v2\/comments?post=6958"}],"version-history":[{"count":1,"href":"https:\/\/ia.gl\/kl\/wp-json\/wp\/v2\/posts\/6958\/revisions"}],"predecessor-version":[{"id":6959,"href":"https:\/\/ia.gl\/kl\/wp-json\/wp\/v2\/posts\/6958\/revisions\/6959"}],"wp:featuredmedia":[{"embeddable":true,"href":"https:\/\/ia.gl\/kl\/wp-json\/wp\/v2\/media\/461"}],"wp:attachment":[{"href":"https:\/\/ia.gl\/kl\/wp-json\/wp\/v2\/media?parent=6958"}],"wp:term":[{"taxonomy":"category","embeddable":true,"href":"https:\/\/ia.gl\/kl\/wp-json\/wp\/v2\/categories?post=6958"},{"taxonomy":"post_tag","embeddable":true,"href":"https:\/\/ia.gl\/kl\/wp-json\/wp\/v2\/tags?post=6958"}],"curies":[{"name":"wp","href":"https:\/\/api.w.org\/{rel}","templated":true}]}}