{"id":6938,"date":"2017-11-28T11:12:42","date_gmt":"2017-11-28T11:12:42","guid":{"rendered":"https:\/\/demo.ia.gl\/arbejde-i-forfatningskommissionen\/"},"modified":"2024-07-14T20:46:20","modified_gmt":"2024-07-14T20:46:20","slug":"arbejde-i-forfatningskommissionen","status":"publish","type":"post","link":"https:\/\/ia.gl\/kl\/arbejde-i-forfatningskommissionen\/","title":{"rendered":"Arbejde i forfatningskommissionen"},"content":{"rendered":"<p><em>M\u00e5let er ikke at stille embedsbolig til r\u00e5dighed for formanden eller at medlemmerne skal afl\u00f8nnes<\/em><\/p>\n<p>Inatsisartut har allerede udstukket grundlaget forfatningskommissionens arbejde og der st\u00e5r der intet om afl\u00f8nning af medlemmer eller embedsbolig til forfatningskommissionens formand.<\/p>\n<p>I forbindelse med vedtagelsen af Finansloven for 2018, udtalte vi, at vi tilsluttede os at der etableres et sekretariat til forfatningskommissionen, ligeledes udtalte vi kritik om, at medlemmerne af forfatningskommissionen skulle afl\u00f8nnes, ligesom vi udtalte os, at det ikke er p\u00e5 sin plads, hvis man stiller embedsbolig til r\u00e5dighed formanden for forfatningskommissionen.<\/p>\n<p>Vi opfordrer Naalakkersuisut og medlemmer af forfatningskommissionen om, at udforme arbejdet med den kommende forfatning, i henhold til den kommissorium som Inatsisartut har fastlagt.<\/p>\n<p>&nbsp;<\/p>\n<p>&nbsp;<\/p>\n<p>Bendt B. Kristiansen<br \/>\nInuit Ataqatigiit<br \/>\n+299 54 57 75<\/p>\n","protected":false},"excerpt":{"rendered":"<p>M\u00e5let er ikke at stille embedsbolig til r\u00e5dighed for formanden eller at medlemmerne skal afl\u00f8nnes Inatsisartut har allerede udstukket grundlaget forfatningskommissionens arbejde og der st\u00e5r der intet om afl\u00f8nning af medlemmer eller embedsbolig til forfatningskommissionens formand. I forbindelse med vedtagelsen af Finansloven for 2018, udtalte vi, at vi tilsluttede os at der etableres et sekretariat [&hellip;]<\/p>\n","protected":false},"author":1,"featured_media":461,"comment_status":"closed","ping_status":"closed","sticky":false,"template":"","format":"standard","meta":{"footnotes":""},"categories":[19],"tags":[],"class_list":["post-6938","post","type-post","status-publish","format-standard","has-post-thumbnail","hentry","category-seneste-nyheder-inuit-ataqatigiit"],"_links":{"self":[{"href":"https:\/\/ia.gl\/kl\/wp-json\/wp\/v2\/posts\/6938","targetHints":{"allow":["GET"]}}],"collection":[{"href":"https:\/\/ia.gl\/kl\/wp-json\/wp\/v2\/posts"}],"about":[{"href":"https:\/\/ia.gl\/kl\/wp-json\/wp\/v2\/types\/post"}],"author":[{"embeddable":true,"href":"https:\/\/ia.gl\/kl\/wp-json\/wp\/v2\/users\/1"}],"replies":[{"embeddable":true,"href":"https:\/\/ia.gl\/kl\/wp-json\/wp\/v2\/comments?post=6938"}],"version-history":[{"count":1,"href":"https:\/\/ia.gl\/kl\/wp-json\/wp\/v2\/posts\/6938\/revisions"}],"predecessor-version":[{"id":6939,"href":"https:\/\/ia.gl\/kl\/wp-json\/wp\/v2\/posts\/6938\/revisions\/6939"}],"wp:featuredmedia":[{"embeddable":true,"href":"https:\/\/ia.gl\/kl\/wp-json\/wp\/v2\/media\/461"}],"wp:attachment":[{"href":"https:\/\/ia.gl\/kl\/wp-json\/wp\/v2\/media?parent=6938"}],"wp:term":[{"taxonomy":"category","embeddable":true,"href":"https:\/\/ia.gl\/kl\/wp-json\/wp\/v2\/categories?post=6938"},{"taxonomy":"post_tag","embeddable":true,"href":"https:\/\/ia.gl\/kl\/wp-json\/wp\/v2\/tags?post=6938"}],"curies":[{"name":"wp","href":"https:\/\/api.w.org\/{rel}","templated":true}]}}