{"id":6934,"date":"2017-11-24T14:37:33","date_gmt":"2017-11-24T14:37:33","guid":{"rendered":"https:\/\/demo.ia.gl\/fns-dag-for-afskaffelse-af-vold-mod-kvinder\/"},"modified":"2024-07-14T20:46:20","modified_gmt":"2024-07-14T20:46:20","slug":"fns-dag-for-afskaffelse-af-vold-mod-kvinder","status":"publish","type":"post","link":"https:\/\/ia.gl\/kl\/fns-dag-for-afskaffelse-af-vold-mod-kvinder\/","title":{"rendered":"FN\u2019s dag for afskaffelse af vold mod kvinder"},"content":{"rendered":"<p><em>Den 25. november er FN\u2019s internationale dag for afskaffelse af vold mod kvinder.<\/em><\/p>\n<p><em>Vi accepterer ikke vold mod kvinder og vi vil aldrig acceptere det.<\/em><\/p>\n<p><em>Indr\u00f8mmelse og se ind ad mod sig selv samt samtale er vejen.<\/em><\/p>\n<p>Der er alt for mange kvinder i verden som i l\u00f8bet af deres liv oplever vold. Desv\u00e6rre er vold mod kvinder her hjemme et stort problem, hvilket er yderst beklageligt og er uacceptabelt. Her i landet har 62 % af kvinderne oplevet vold p\u00e5 et tidspunkt i l\u00f8bet af deres liv.<\/p>\n<p>Udover vold oplever kvinderne ligeledes voldt\u00e6gter. S\u00e5danne oplevelser kan have stor indflydelse p\u00e5 kvinders liv, hvad ang\u00e5r fysisk og psykisk sundhed.<\/p>\n<p>Selv om s\u00e5 mange kvinder oplever vold, s\u00e5 taler man ikke rigtig om problemet \u2013 for vold mod kvinder er belagt med tabu. Lad os bane vejen for en \u00e5ben debat.<\/p>\n<p>Vold mod kvinder ber\u00f8rer hele familien. B\u00f8rn i <em>voldsramte<\/em> hjem bliver ramt af stress og angst \u2013 hvilket kan have negativ indflydelse p\u00e5 b\u00f8rnenes opv\u00e6kst.<\/p>\n<p>Vi skal sammen deltage i indsatsen for at komme problemet til livs. Et af mulighederne og vejene ud af vold er, at voldsud\u00f8veren selv kommer med indr\u00f8mmelse og man baner vej for, at vedkommende kan se ind i sig selv, dette kan ske gennem oplysning og gennem samtaler.<\/p>\n<p>Heldigvis har myndighederne, organisationer samt frivillige i l\u00f8bet af de seneste \u00e5r opstartet initiativer for at forebygge volden. Vi kan som eksempler n\u00e6vne \u201dKattunneq\u201d og \u201dAngutit Oqaloqatigiittarfiat\u201d.<\/p>\n<p>Det er rigtigt at vi alle har ansvar for, at vold i hjemmet eksisterer. Lad os bryde dette tabu og forebygge den via samarbejde og samtaler for at give vore efterkommere en lys fremtid.<\/p>\n<p>Lad os i f\u00e6lleskab bryde tabu vold mod kvinder og sammen bek\u00e6mpe det.<\/p>\n<p>Vi accepterer ikke vold mod kvinder og vi vil aldrig acceptere dette.<\/p>\n<p>Peter Olsen<br \/>\nInuit Ataqatigiit<\/p>\n","protected":false},"excerpt":{"rendered":"<p>Den 25. november er FN\u2019s internationale dag for afskaffelse af vold mod kvinder. Vi accepterer ikke vold mod kvinder og vi vil aldrig acceptere det. Indr\u00f8mmelse og se ind ad mod sig selv samt samtale er vejen. Der er alt for mange kvinder i verden som i l\u00f8bet af deres liv oplever vold. Desv\u00e6rre er [&hellip;]<\/p>\n","protected":false},"author":1,"featured_media":461,"comment_status":"closed","ping_status":"closed","sticky":false,"template":"","format":"standard","meta":{"footnotes":""},"categories":[19],"tags":[],"class_list":["post-6934","post","type-post","status-publish","format-standard","has-post-thumbnail","hentry","category-seneste-nyheder-inuit-ataqatigiit"],"_links":{"self":[{"href":"https:\/\/ia.gl\/kl\/wp-json\/wp\/v2\/posts\/6934","targetHints":{"allow":["GET"]}}],"collection":[{"href":"https:\/\/ia.gl\/kl\/wp-json\/wp\/v2\/posts"}],"about":[{"href":"https:\/\/ia.gl\/kl\/wp-json\/wp\/v2\/types\/post"}],"author":[{"embeddable":true,"href":"https:\/\/ia.gl\/kl\/wp-json\/wp\/v2\/users\/1"}],"replies":[{"embeddable":true,"href":"https:\/\/ia.gl\/kl\/wp-json\/wp\/v2\/comments?post=6934"}],"version-history":[{"count":1,"href":"https:\/\/ia.gl\/kl\/wp-json\/wp\/v2\/posts\/6934\/revisions"}],"predecessor-version":[{"id":6935,"href":"https:\/\/ia.gl\/kl\/wp-json\/wp\/v2\/posts\/6934\/revisions\/6935"}],"wp:featuredmedia":[{"embeddable":true,"href":"https:\/\/ia.gl\/kl\/wp-json\/wp\/v2\/media\/461"}],"wp:attachment":[{"href":"https:\/\/ia.gl\/kl\/wp-json\/wp\/v2\/media?parent=6934"}],"wp:term":[{"taxonomy":"category","embeddable":true,"href":"https:\/\/ia.gl\/kl\/wp-json\/wp\/v2\/categories?post=6934"},{"taxonomy":"post_tag","embeddable":true,"href":"https:\/\/ia.gl\/kl\/wp-json\/wp\/v2\/tags?post=6934"}],"curies":[{"name":"wp","href":"https:\/\/api.w.org\/{rel}","templated":true}]}}