{"id":6908,"date":"2017-10-05T12:54:52","date_gmt":"2017-10-05T12:54:52","guid":{"rendered":"https:\/\/demo.ia.gl\/laererne-skal-have-mere-anerkendelse\/"},"modified":"2024-07-14T20:46:20","modified_gmt":"2024-07-14T20:46:20","slug":"laererne-skal-have-mere-anerkendelse","status":"publish","type":"post","link":"https:\/\/ia.gl\/kl\/laererne-skal-have-mere-anerkendelse\/","title":{"rendered":"L\u00e6rerne skal have mere anerkendelse"},"content":{"rendered":"<p><i><span style=\"color: #000000; font-family: Calibri;\">I dag fejres International l\u00e6rerdag. Vi \u00f8nsker at gratulere og udtrykke vores dybeste respekt for l\u00e6rere som dagligt arbejder for l\u00f8fte et stort samfundsm\u00e6ssigt ansvar.\u00a0 Det er p\u00e5 sin plads at man internationalt fejrer dagen i dag for de l\u00e6rere som dagligt har s\u00e5 stort samfundsm\u00e6ssige indflydelse.\u00a0 <\/span><\/i><\/p>\n<p><span style=\"color: #000000; font-family: Calibri;\">\u00a0<\/span><\/p>\n<p><span style=\"color: #000000; font-family: Calibri;\">VI h\u00f8rer mere og mere til de daglige udfordringer som l\u00e6rere uds\u00e6ttes for. Vi kan let forestille os at det g\u00f8r arbejdspresset lettere for de enkelte l\u00e6rere som f\u00f8lge af samfundets h\u00f8je kvalitetskrav til skolerne i dagligdagen. <\/span><\/p>\n<p><span style=\"color: #000000; font-family: Calibri;\">\u00a0<\/span><\/p>\n<p><span style=\"color: #000000; font-family: Calibri;\">Det er derfor ekstra vigtigt, at vi arbejder for at lette arbejdsmilj\u00f8et mere og hj\u00e6lp til med fart for\u00f8ge antallet af uddannede l\u00e6rere i de enkelte skoler. Det kan vi bedst g\u00f8re ved at arbejde sammen for at g\u00f8re udfordringerne lettere for de enkelte l\u00e6rere st\u00e5r med. <\/span><\/p>\n<p><span style=\"color: #000000; font-family: Calibri;\">Med tak for det gode arbejde I dagligt udf\u00f8rer, \u00f8nsker vi Jer en god dag og stort tillykke med dagen. <\/span><\/p>\n<p><span style=\"color: #000000; font-family: Calibri;\">\u00a0<\/span><\/p>\n<p><span style=\"color: #000000; font-family: Calibri;\">Mimi Karlsen &amp; Debora Kleist<\/span><\/p>\n<p><span style=\"color: #000000; font-family: Calibri;\">Inuit Ataqatigiit<\/span><\/p>\n","protected":false},"excerpt":{"rendered":"<p>I dag fejres International l\u00e6rerdag. Vi \u00f8nsker at gratulere og udtrykke vores dybeste respekt for l\u00e6rere som dagligt arbejder for l\u00f8fte et stort samfundsm\u00e6ssigt ansvar.\u00a0 Det er p\u00e5 sin plads at man internationalt fejrer dagen i dag for de l\u00e6rere som dagligt har s\u00e5 stort samfundsm\u00e6ssige indflydelse.\u00a0 \u00a0 VI h\u00f8rer mere og mere til de [&hellip;]<\/p>\n","protected":false},"author":1,"featured_media":461,"comment_status":"closed","ping_status":"closed","sticky":false,"template":"","format":"standard","meta":{"footnotes":""},"categories":[19],"tags":[],"class_list":["post-6908","post","type-post","status-publish","format-standard","has-post-thumbnail","hentry","category-seneste-nyheder-inuit-ataqatigiit"],"_links":{"self":[{"href":"https:\/\/ia.gl\/kl\/wp-json\/wp\/v2\/posts\/6908","targetHints":{"allow":["GET"]}}],"collection":[{"href":"https:\/\/ia.gl\/kl\/wp-json\/wp\/v2\/posts"}],"about":[{"href":"https:\/\/ia.gl\/kl\/wp-json\/wp\/v2\/types\/post"}],"author":[{"embeddable":true,"href":"https:\/\/ia.gl\/kl\/wp-json\/wp\/v2\/users\/1"}],"replies":[{"embeddable":true,"href":"https:\/\/ia.gl\/kl\/wp-json\/wp\/v2\/comments?post=6908"}],"version-history":[{"count":1,"href":"https:\/\/ia.gl\/kl\/wp-json\/wp\/v2\/posts\/6908\/revisions"}],"predecessor-version":[{"id":6909,"href":"https:\/\/ia.gl\/kl\/wp-json\/wp\/v2\/posts\/6908\/revisions\/6909"}],"wp:featuredmedia":[{"embeddable":true,"href":"https:\/\/ia.gl\/kl\/wp-json\/wp\/v2\/media\/461"}],"wp:attachment":[{"href":"https:\/\/ia.gl\/kl\/wp-json\/wp\/v2\/media?parent=6908"}],"wp:term":[{"taxonomy":"category","embeddable":true,"href":"https:\/\/ia.gl\/kl\/wp-json\/wp\/v2\/categories?post=6908"},{"taxonomy":"post_tag","embeddable":true,"href":"https:\/\/ia.gl\/kl\/wp-json\/wp\/v2\/tags?post=6908"}],"curies":[{"name":"wp","href":"https:\/\/api.w.org\/{rel}","templated":true}]}}