{"id":6906,"date":"2017-10-05T11:40:49","date_gmt":"2017-10-05T11:40:49","guid":{"rendered":"https:\/\/demo.ia.gl\/manglen-paa-paedagoger-maa-loeses-ved-en-ekstraordinaer-indsats\/"},"modified":"2024-07-14T20:46:20","modified_gmt":"2024-07-14T20:46:20","slug":"manglen-paa-paedagoger-maa-loeses-ved-en-ekstraordinaer-indsats","status":"publish","type":"post","link":"https:\/\/ia.gl\/kl\/manglen-paa-paedagoger-maa-loeses-ved-en-ekstraordinaer-indsats\/","title":{"rendered":"Manglen p\u00e5 p\u00e6dagoger m\u00e5 l\u00f8ses ved en ekstraordin\u00e6r indsats"},"content":{"rendered":"<p><i><span style=\"margin: 0px; font-family: 'Verdana','sans-serif'; font-size: 10pt;\"><span style=\"color: #000000;\">Fra Inuit Ataqatigiit f\u00f8lger vi debatten om at hente p\u00e6dagoger ind udefra p\u00e5 t\u00e6t hold.<\/span><\/span><\/i><\/p>\n<p><span style=\"margin: 0px; font-family: 'Verdana','sans-serif'; font-size: 10pt;\"><span style=\"color: #000000;\">\u00a0<\/span><\/span><\/p>\n<p><span style=\"margin: 0px; font-family: 'Verdana','sans-serif'; font-size: 10pt;\"><span style=\"color: #000000;\">Vore b\u00f8rn m\u00e5 tilbydes omsorg af god kvalitet p\u00e5 vore b\u00f8rneinstitutioner. Fra politisk hold m\u00e5 man tilf\u00f8re midler til styrkelsen af uddannelse og kurser for de kommunale medarbejdere.\u00a0 <\/span><\/span><\/p>\n<p><span style=\"margin: 0px; font-family: 'Verdana','sans-serif'; font-size: 10pt;\"><span style=\"color: #000000;\">\u00a0<\/span><\/span><\/p>\n<p><span style=\"margin: 0px; font-family: 'Verdana','sans-serif'; font-size: 10pt;\"><span style=\"color: #000000;\">Fra Inuit Ataqatigiit kan vi se, at dette ikke er prioriteret i finansloven for 2018. Derfor kr\u00e6ver vi fra Inuit Ataqatigiit, at man m\u00e5 finansiere en ny periode for den decentrale socialr\u00e5dgiveruddannelse n\u00e5r den nuv\u00e6rende finansieringsperiode er slut, at man m\u00e5 finansiere uddannelse af r\u00e5dgivningsassistenter, af psykoterapeuter og af supervisors, samt at man m\u00e5 optimere diplomuddannelsen, s\u00e5 p\u00e6dagogernes muligheder for at uddanne sig til ledere forbedres.\u00a0 <\/span><\/span><\/p>\n<p><span style=\"margin: 0px; font-family: 'Verdana','sans-serif'; font-size: 10pt;\"><span style=\"color: #000000;\">\u00a0<\/span><\/span><\/p>\n<p><span style=\"margin: 0px; font-family: 'Verdana','sans-serif'; font-size: 10pt;\"><span style=\"color: #000000;\">Hvis man styrker uddannelsesmulighederne for disse grupper, vil man blive i stand til at give\u00a0 servicen p\u00e5 de sociale forvaltninger et h\u00f8jt l\u00f8ft, og p\u00e5 l\u00e6ngere sigt vil dette efter vores mening v\u00e6re med til at formindske omkostningerne.<\/span><\/span><\/p>\n<p><span style=\"margin: 0px; font-family: 'Verdana','sans-serif'; font-size: 10pt;\"><span style=\"color: #000000;\">\u00a0<\/span><\/span><\/p>\n<p><span style=\"margin: 0px; font-family: 'Verdana','sans-serif'; font-size: 10pt;\"><span style=\"color: #000000;\">Men problemets kerne, nemlig l\u00f8nniveauet for p\u00e6dagogerne, m\u00e5 underl\u00e6gges en grundig vurdering med henblik p\u00e5 at give dem en l\u00f8n som svarer til deres ansvar.<\/span><\/span><\/p>\n<p>&nbsp;<\/p>\n<p><span style=\"color: #000000; font-family: Calibri;\">Bendt B. Kristiansen<\/span><span style=\"color: #000000; font-family: Calibri;\">\u00a0<\/span><\/p>\n<p><span style=\"color: #000000; font-family: Calibri;\">Inuit Ataqatigiit<\/span><\/p>\n<p><span style=\"color: #000000; font-family: Calibri;\">Politisk ordf\u00f8rer<\/span><\/p>\n","protected":false},"excerpt":{"rendered":"<p>Fra Inuit Ataqatigiit f\u00f8lger vi debatten om at hente p\u00e6dagoger ind udefra p\u00e5 t\u00e6t hold. \u00a0 Vore b\u00f8rn m\u00e5 tilbydes omsorg af god kvalitet p\u00e5 vore b\u00f8rneinstitutioner. Fra politisk hold m\u00e5 man tilf\u00f8re midler til styrkelsen af uddannelse og kurser for de kommunale medarbejdere.\u00a0 \u00a0 Fra Inuit Ataqatigiit kan vi se, at dette ikke er [&hellip;]<\/p>\n","protected":false},"author":1,"featured_media":461,"comment_status":"closed","ping_status":"closed","sticky":false,"template":"","format":"standard","meta":{"footnotes":""},"categories":[19],"tags":[],"class_list":["post-6906","post","type-post","status-publish","format-standard","has-post-thumbnail","hentry","category-seneste-nyheder-inuit-ataqatigiit"],"_links":{"self":[{"href":"https:\/\/ia.gl\/kl\/wp-json\/wp\/v2\/posts\/6906","targetHints":{"allow":["GET"]}}],"collection":[{"href":"https:\/\/ia.gl\/kl\/wp-json\/wp\/v2\/posts"}],"about":[{"href":"https:\/\/ia.gl\/kl\/wp-json\/wp\/v2\/types\/post"}],"author":[{"embeddable":true,"href":"https:\/\/ia.gl\/kl\/wp-json\/wp\/v2\/users\/1"}],"replies":[{"embeddable":true,"href":"https:\/\/ia.gl\/kl\/wp-json\/wp\/v2\/comments?post=6906"}],"version-history":[{"count":1,"href":"https:\/\/ia.gl\/kl\/wp-json\/wp\/v2\/posts\/6906\/revisions"}],"predecessor-version":[{"id":6907,"href":"https:\/\/ia.gl\/kl\/wp-json\/wp\/v2\/posts\/6906\/revisions\/6907"}],"wp:featuredmedia":[{"embeddable":true,"href":"https:\/\/ia.gl\/kl\/wp-json\/wp\/v2\/media\/461"}],"wp:attachment":[{"href":"https:\/\/ia.gl\/kl\/wp-json\/wp\/v2\/media?parent=6906"}],"wp:term":[{"taxonomy":"category","embeddable":true,"href":"https:\/\/ia.gl\/kl\/wp-json\/wp\/v2\/categories?post=6906"},{"taxonomy":"post_tag","embeddable":true,"href":"https:\/\/ia.gl\/kl\/wp-json\/wp\/v2\/tags?post=6906"}],"curies":[{"name":"wp","href":"https:\/\/api.w.org\/{rel}","templated":true}]}}