{"id":6886,"date":"2017-08-07T15:55:12","date_gmt":"2017-08-07T15:55:12","guid":{"rendered":"https:\/\/demo.ia.gl\/branden-i-aaffaq-maa-slukkes\/"},"modified":"2024-07-14T20:46:19","modified_gmt":"2024-07-14T20:46:19","slug":"branden-i-aaffaq-maa-slukkes","status":"publish","type":"post","link":"https:\/\/ia.gl\/kl\/branden-i-aaffaq-maa-slukkes\/","title":{"rendered":"Branden i Aaffaq m\u00e5 slukkes"},"content":{"rendered":"<p><span style=\"margin: 0px; color: black; font-family: 'Tahoma','sans-serif';\"><em>Dyrelivet b\u00e5de til havs og p\u00e5 land i Nassuttooq br\u00f8df\u00f8der store dele af landet, som har stor betydning for selvforsyningen af f\u00f8devarer her i landet.<\/em><\/span><\/p>\n<p>Efter at have selv set branden fra Arfersiorfik fjorden, mener jeg at branden kan betegnes som naturkatastrofe. Jeg er bekymret for rensdyrbestanden for resten af \u00e5ret samt i de kommende \u00e5r, og fangerne med indg\u00e5ende kendskab til Affaq betegner situationen som katastrofe!<\/p>\n<p>Jeg finder det naturligt at man straks begr\u00e6nser branden og beredskabskommissionens beslutning om at f\u00f8lge situationen t\u00e6t jeg p\u00e5, er jeg lodret uenig med, med hensyn til rensdyrbestanden i betragtning.<\/p>\n<p><span style=\"margin: 0px; color: black; font-family: 'Tahoma','sans-serif';\"><span style=\"color: #000000; font-family: Times New Roman;\"><br \/>\n<\/span> If\u00f8lge <\/span><a href=\"https:\/\/post.ina.gl\/owa\/redir.aspx?C=cKnrkh9XJcEn8jl20deDHKpGHsoqtkaBoRaJnAKcp_RNnbhSud3UCA..&amp;URL=http%3a%2f%2fdmi.dk\" target=\"_blank\" rel=\"noopener noreferrer\"><span style=\"margin: 0px; font-family: 'Tahoma','sans-serif';\">dmi.dk<\/span><\/a><span style=\"margin: 0px; color: black; font-family: 'Tahoma','sans-serif';\"> er der begr\u00e6nset med regnvejr indenlands i augustm\u00e5ned, s\u00e5 derfor opfordrer jeg indtr\u00e6ngende om at Naalakkersuisut i samarbejde med kommunerne straks tager skridt til handling NU!<br \/>\n<\/span><b><span lang=\"KL-GL\"><span style=\"color: #000000; font-family: Calibri;\">\u00a0<\/span><\/span><\/b><\/p>\n<p><span lang=\"KL-GL\"><span style=\"color: #000000; font-family: Calibri;\">Bendt. B Kristiansen<\/span><\/span><\/p>\n<p><span lang=\"KL-GL\"><span style=\"color: #000000; font-family: Calibri;\">Politikkikkut oqaaseqartartoq, Inuit Ataqatigiit<\/span><\/span><\/p>\n<p><span lang=\"KL-GL\"><span style=\"color: #000000; font-family: Calibri;\">Politisk ordf\u00f8rer, Inuit Ataqatigiit<\/span><\/span><\/p>\n","protected":false},"excerpt":{"rendered":"<p>Dyrelivet b\u00e5de til havs og p\u00e5 land i Nassuttooq br\u00f8df\u00f8der store dele af landet, som har stor betydning for selvforsyningen af f\u00f8devarer her i landet. Efter at have selv set branden fra Arfersiorfik fjorden, mener jeg at branden kan betegnes som naturkatastrofe. Jeg er bekymret for rensdyrbestanden for resten af \u00e5ret samt i de kommende [&hellip;]<\/p>\n","protected":false},"author":1,"featured_media":461,"comment_status":"closed","ping_status":"closed","sticky":false,"template":"","format":"standard","meta":{"footnotes":""},"categories":[19],"tags":[],"class_list":["post-6886","post","type-post","status-publish","format-standard","has-post-thumbnail","hentry","category-seneste-nyheder-inuit-ataqatigiit"],"_links":{"self":[{"href":"https:\/\/ia.gl\/kl\/wp-json\/wp\/v2\/posts\/6886","targetHints":{"allow":["GET"]}}],"collection":[{"href":"https:\/\/ia.gl\/kl\/wp-json\/wp\/v2\/posts"}],"about":[{"href":"https:\/\/ia.gl\/kl\/wp-json\/wp\/v2\/types\/post"}],"author":[{"embeddable":true,"href":"https:\/\/ia.gl\/kl\/wp-json\/wp\/v2\/users\/1"}],"replies":[{"embeddable":true,"href":"https:\/\/ia.gl\/kl\/wp-json\/wp\/v2\/comments?post=6886"}],"version-history":[{"count":1,"href":"https:\/\/ia.gl\/kl\/wp-json\/wp\/v2\/posts\/6886\/revisions"}],"predecessor-version":[{"id":6887,"href":"https:\/\/ia.gl\/kl\/wp-json\/wp\/v2\/posts\/6886\/revisions\/6887"}],"wp:featuredmedia":[{"embeddable":true,"href":"https:\/\/ia.gl\/kl\/wp-json\/wp\/v2\/media\/461"}],"wp:attachment":[{"href":"https:\/\/ia.gl\/kl\/wp-json\/wp\/v2\/media?parent=6886"}],"wp:term":[{"taxonomy":"category","embeddable":true,"href":"https:\/\/ia.gl\/kl\/wp-json\/wp\/v2\/categories?post=6886"},{"taxonomy":"post_tag","embeddable":true,"href":"https:\/\/ia.gl\/kl\/wp-json\/wp\/v2\/tags?post=6886"}],"curies":[{"name":"wp","href":"https:\/\/api.w.org\/{rel}","templated":true}]}}