{"id":6856,"date":"2017-05-11T11:02:50","date_gmt":"2017-05-11T11:02:50","guid":{"rendered":"https:\/\/demo.ia.gl\/den-gamle-skole-i-kangaatsiaq-er-ubrugelig\/"},"modified":"2024-07-14T20:46:18","modified_gmt":"2024-07-14T20:46:18","slug":"den-gamle-skole-i-kangaatsiaq-er-ubrugelig","status":"publish","type":"post","link":"https:\/\/ia.gl\/kl\/den-gamle-skole-i-kangaatsiaq-er-ubrugelig\/","title":{"rendered":"Den gamle skole i Kangaatsiaq er ubrugelig"},"content":{"rendered":"<p><span style=\"font-size: 10.0pt; font-family: 'Verdana','sans-serif';\"><span style=\"color: #000000;\">\u00c5ben brev til Naalakkersuisoq for Uddannelse, Kultur, Forskning samt Kirke samt koalitionen.<\/span><\/span><\/p>\n<p><i><span style=\"font-size: 10.0pt; font-family: 'Verdana','sans-serif';\"><span style=\"color: #000000;\">Den \u00e6ldste del af skolen i Kangaatsiaq, som stammer fra 1960\u2019erne og som blev flyttet fra Qullissat skal uden yderligere forsinkelse udskiftes.<\/span><\/span><\/i><\/p>\n<p><span style=\"font-size: 10.0pt; font-family: 'Verdana','sans-serif';\"><span style=\"color: #000000;\">Selv om det er fristende at skulle benytte midlertidige lukninger af skolen p\u00e5 grund af asbest, PCB, skimmelsvamp samt brand som begrundelse, s\u00e5 er begrundelser i ubehag for skoleelever og skolens medarbejdere grunde nok til at man nedriver den gamle del af skolen og opf\u00f8rer en ny.<\/span><\/span><\/p>\n<p><span style=\"font-size: 10.0pt; font-family: 'Verdana','sans-serif';\"><span style=\"color: #000000;\">Kommunalbestyrelsen p\u00e5lagde administrationen om at renovere den gamle de af skolen i Kangaatsiaq i november sidste \u00e5r. Nu bliver vore b\u00f8rn og l\u00e6rere ramt uheldigt som f\u00f8lge af, at arbejdet ikke er blevet taget seri\u00f8st.<\/span><\/span><\/p>\n<p><span style=\"font-size: 10.0pt; font-family: 'Verdana','sans-serif';\"><span style=\"color: #000000;\">I dag undervises eleverne midlertidigt uden for skolens lokaler. Undervisningen sker i forskellige steder, s\u00e5som forsamlingshuset, p\u00e5 1. sal i forsamlingshuset, p\u00e5 1.\u00a0 sal i klubben som fornylig blev renoveret og endelig i nabobygningen til servicehuset samt andre steder. <\/span><\/span><\/p>\n<p><span style=\"font-size: 10.0pt; font-family: 'Verdana','sans-serif';\"><span style=\"color: #000000;\">Dele af skolens gamle del er lukket, desuagtet er k\u00f8kkenet, administrationslokalet, l\u00e6rerv\u00e6relset samt flere klasselokaler for yngstetrinnet. Selv om dele af den gamle del af skolen er lukket, s\u00e5 forvolder den stadigv\u00e6k b\u00f8rn, l\u00e6rere samt medarbejdere med allergi store problemer. <\/span><\/span><\/p>\n<p><span style=\"font-size: 10.0pt; font-family: 'Verdana','sans-serif';\"><span style=\"color: #000000;\">Selvf\u00f8lgelig stiller mange b\u00f8rn samt l\u00e6rere sp\u00f8rgsm\u00e5lstegn ved om de skal m\u00f8de op i de kolde vinterperioder. For b\u00f8rn g\u00e5r jo ud i kulden selv om de sveder for at forts\u00e6tte deres skolegang i andre bygninger, og jeg kan sagtens forst\u00e5, at de mange sygdomstilf\u00e6lde som har ramt skoleb\u00f8rnene, begrundes med omgivelserne i forbindelse med undervisningen.\u00a0 <\/span><\/span><\/p>\n<p><span style=\"font-size: 10.0pt; font-family: 'Verdana','sans-serif';\"><span style=\"color: #000000;\">I de sidste par dage har et barn som har astma-sygdom blevet ramt, k\u00f8kkenmedarbejderen er midlertidig uarbejdsdygtig p\u00e5 grund af hudsygdom i ansigtet og hvis man vender det blinde \u00f8je til stor sygefrav\u00e6r blandt l\u00e6rere og b\u00f8rn vil det v\u00e6re yderst m\u00e6rkeligt. De mange tilf\u00e6lde af hudsygdomme blandt b\u00f8rn viser, at der straks m\u00e5 laves en l\u00f8sning p\u00e5 skolens gamle de. <\/span><\/span><\/p>\n<p><span style=\"font-size: 10.0pt; font-family: 'Verdana','sans-serif';\"><span style=\"color: #000000;\">Klubben som ellers har v\u00e6ret renoveret, vil sandsynligvis blive lukket n\u00e5r arbejdstilsynet har v\u00e6ret p\u00e5 bes\u00f8g, ja, jeg er s\u00e5gar bange for, at skolens gamle del vil blive lukket, for de seneste h\u00e6ndelser viser jo at der er noget galt.<\/span><\/span><\/p>\n<p><span style=\"font-size: 10.0pt; font-family: 'Verdana','sans-serif';\"><span style=\"color: #000000;\">Jeg h\u00e5ber at vi kan komme til en f\u00e6llesforst\u00e5else og samarbejde om en l\u00f8sning. <\/span><\/span><\/p>\n<p><span style=\"font-size: 10.0pt; font-family: 'Verdana','sans-serif';\"><span style=\"color: #000000;\">\u00a0<\/span><\/span><\/p>\n<p><span style=\"font-size: 10.0pt; font-family: 'Verdana','sans-serif';\"><span style=\"color: #000000;\">Mvh medlem af Qaas. Kom.: <\/span><\/span><\/p>\n<p><span style=\"font-size: 10.0pt; font-family: 'Verdana','sans-serif';\"><span style=\"color: #000000;\">Hans Aronsen 228733<\/span><\/span><\/p>\n","protected":false},"excerpt":{"rendered":"<p>\u00c5ben brev til Naalakkersuisoq for Uddannelse, Kultur, Forskning samt Kirke samt koalitionen. Den \u00e6ldste del af skolen i Kangaatsiaq, som stammer fra 1960\u2019erne og som blev flyttet fra Qullissat skal uden yderligere forsinkelse udskiftes. Selv om det er fristende at skulle benytte midlertidige lukninger af skolen p\u00e5 grund af asbest, PCB, skimmelsvamp samt brand som [&hellip;]<\/p>\n","protected":false},"author":1,"featured_media":461,"comment_status":"closed","ping_status":"closed","sticky":false,"template":"","format":"standard","meta":{"footnotes":""},"categories":[19],"tags":[],"class_list":["post-6856","post","type-post","status-publish","format-standard","has-post-thumbnail","hentry","category-seneste-nyheder-inuit-ataqatigiit"],"_links":{"self":[{"href":"https:\/\/ia.gl\/kl\/wp-json\/wp\/v2\/posts\/6856","targetHints":{"allow":["GET"]}}],"collection":[{"href":"https:\/\/ia.gl\/kl\/wp-json\/wp\/v2\/posts"}],"about":[{"href":"https:\/\/ia.gl\/kl\/wp-json\/wp\/v2\/types\/post"}],"author":[{"embeddable":true,"href":"https:\/\/ia.gl\/kl\/wp-json\/wp\/v2\/users\/1"}],"replies":[{"embeddable":true,"href":"https:\/\/ia.gl\/kl\/wp-json\/wp\/v2\/comments?post=6856"}],"version-history":[{"count":1,"href":"https:\/\/ia.gl\/kl\/wp-json\/wp\/v2\/posts\/6856\/revisions"}],"predecessor-version":[{"id":6857,"href":"https:\/\/ia.gl\/kl\/wp-json\/wp\/v2\/posts\/6856\/revisions\/6857"}],"wp:featuredmedia":[{"embeddable":true,"href":"https:\/\/ia.gl\/kl\/wp-json\/wp\/v2\/media\/461"}],"wp:attachment":[{"href":"https:\/\/ia.gl\/kl\/wp-json\/wp\/v2\/media?parent=6856"}],"wp:term":[{"taxonomy":"category","embeddable":true,"href":"https:\/\/ia.gl\/kl\/wp-json\/wp\/v2\/categories?post=6856"},{"taxonomy":"post_tag","embeddable":true,"href":"https:\/\/ia.gl\/kl\/wp-json\/wp\/v2\/tags?post=6856"}],"curies":[{"name":"wp","href":"https:\/\/api.w.org\/{rel}","templated":true}]}}