{"id":6834,"date":"2017-04-20T14:14:49","date_gmt":"2017-04-20T14:14:49","guid":{"rendered":"https:\/\/demo.ia.gl\/vi-siger-stort-tak-til-kalistat-lund-for-et-godt-samarbejde\/"},"modified":"2024-07-14T20:46:17","modified_gmt":"2024-07-14T20:46:17","slug":"vi-siger-stort-tak-til-kalistat-lund-for-et-godt-samarbejde","status":"publish","type":"post","link":"https:\/\/ia.gl\/kl\/vi-siger-stort-tak-til-kalistat-lund-for-et-godt-samarbejde\/","title":{"rendered":"Vi siger stort tak til Kalistat Lund for et godt samarbejde"},"content":{"rendered":"<p><em>Kalistat Lund har nu meddelt at han vender tilbage til sit arbejde som SAR helikopterpilot p\u00e5 fuld tid. Vi vil fra Inuit Ataqatigiit sige et stort tak til et menneske som er grundig, h\u00e5rdtarbejdende og dedikeret.<\/em><\/p>\n<p>Vi har haft et godt, t\u00e6t samarbejde og med fuldt tiltro arbejdet med ham siden valget i 2014. Da han er grundig og arbjedssom person har vi altid v\u00e6ret sikre p\u00e5 at hans udtalelser er velbegrundet og velovervejet.<\/p>\n<p>Kalista Lund vil blive savnet i Inuit Ataqatigiits Inatsisartutgruppe, og vi vil gerne sige tak for det politiske og personlige samarbejde. Vi har en dyb forst\u00e5else for, at han i kraft af sin virke som SAR helikopterpilot skal dedikere tid og kr\u00e6fter i sin profesion for at kunne beholde sin autorisation.<\/p>\n<p>Ved Kalistat Lunds udtr\u00e6den genindtr\u00e6der M\u00fate Bourup Egede fra sin orlov i Inatsisartut.\u00a0 M\u00fate B. Egede kan s\u00e5ledes som som organisatorisk n\u00e6stformand f\u00f8re ordet i Inatsisartut. Samtidig er Kelly Berthelsen ikke l\u00e6ngere suppleant og har nu fast s\u00e6de i Inatsisartut.\u00a0 M\u00fate B. Egede forts\u00e6tter som Naalakkersuisutmedlem.<\/p>\n<p>Vi vil fra Inuit Ataqatigiit gruppe bestr\u00e6be os p\u00e5 at efterleve Kalistats store indsats i anl\u00e6gs- og r\u00e5dstofsomr\u00e5det, ikke mindst i forhold til hans dedikation i forhold til infrastruktur, uran samt f\u00e5rehold.<\/p>\n<p>Citat af Kalistat Lund:<\/p>\n<p><em>\u201dVi m\u00e5 ikke miste kontrollen over vores egen udvikling (\u2026) Gr\u00f8nland skal styres af gr\u00f8nl\u00e6ndere, ikke af folk udefra \u2013 og da slet ikke af store mineselskaber\u201d<\/em><\/p>\n<p>Vi \u00f8nsker Kalistat Lund al held og lykke og vi er gl\u00e6de for at han nu f\u00e5r mere tid til sin familie og profession.<\/p>\n<p>&nbsp;<\/p>\n<p>Mimi Karlsen<\/p>\n<p>Gruppeformand<\/p>\n<p>Inuit Ataqatigiit<\/p>\n","protected":false},"excerpt":{"rendered":"<p>Kalistat Lund har nu meddelt at han vender tilbage til sit arbejde som SAR helikopterpilot p\u00e5 fuld tid. Vi vil fra Inuit Ataqatigiit sige et stort tak til et menneske som er grundig, h\u00e5rdtarbejdende og dedikeret. Vi har haft et godt, t\u00e6t samarbejde og med fuldt tiltro arbejdet med ham siden valget i 2014. Da [&hellip;]<\/p>\n","protected":false},"author":1,"featured_media":461,"comment_status":"closed","ping_status":"closed","sticky":false,"template":"","format":"standard","meta":{"footnotes":""},"categories":[19],"tags":[],"class_list":["post-6834","post","type-post","status-publish","format-standard","has-post-thumbnail","hentry","category-seneste-nyheder-inuit-ataqatigiit"],"_links":{"self":[{"href":"https:\/\/ia.gl\/kl\/wp-json\/wp\/v2\/posts\/6834","targetHints":{"allow":["GET"]}}],"collection":[{"href":"https:\/\/ia.gl\/kl\/wp-json\/wp\/v2\/posts"}],"about":[{"href":"https:\/\/ia.gl\/kl\/wp-json\/wp\/v2\/types\/post"}],"author":[{"embeddable":true,"href":"https:\/\/ia.gl\/kl\/wp-json\/wp\/v2\/users\/1"}],"replies":[{"embeddable":true,"href":"https:\/\/ia.gl\/kl\/wp-json\/wp\/v2\/comments?post=6834"}],"version-history":[{"count":1,"href":"https:\/\/ia.gl\/kl\/wp-json\/wp\/v2\/posts\/6834\/revisions"}],"predecessor-version":[{"id":6835,"href":"https:\/\/ia.gl\/kl\/wp-json\/wp\/v2\/posts\/6834\/revisions\/6835"}],"wp:featuredmedia":[{"embeddable":true,"href":"https:\/\/ia.gl\/kl\/wp-json\/wp\/v2\/media\/461"}],"wp:attachment":[{"href":"https:\/\/ia.gl\/kl\/wp-json\/wp\/v2\/media?parent=6834"}],"wp:term":[{"taxonomy":"category","embeddable":true,"href":"https:\/\/ia.gl\/kl\/wp-json\/wp\/v2\/categories?post=6834"},{"taxonomy":"post_tag","embeddable":true,"href":"https:\/\/ia.gl\/kl\/wp-json\/wp\/v2\/tags?post=6834"}],"curies":[{"name":"wp","href":"https:\/\/api.w.org\/{rel}","templated":true}]}}