{"id":6816,"date":"2017-04-05T12:02:03","date_gmt":"2017-04-05T12:02:03","guid":{"rendered":"https:\/\/demo.ia.gl\/dybt-taknemmelig-for-resultat\/"},"modified":"2024-07-14T20:46:16","modified_gmt":"2024-07-14T20:46:16","slug":"dybt-taknemmelig-for-resultat","status":"publish","type":"post","link":"https:\/\/ia.gl\/kl\/dybt-taknemmelig-for-resultat\/","title":{"rendered":"Dybt taknemmelig for resultat"},"content":{"rendered":"<p>Inuit Ataqatigiit fik et godt valg p\u00e5 landsplan og klarede det ogs\u00e5 godt i Kommuneqarfik Sermersooq.<\/p>\n<p>\u201dJeg er dybt taknemmelig for resultatet og meget, meget ydmyg over den tillid s\u00e5 mange mennesker har vist mig personligt. Men f\u00f8rst og fremmest er jeg glad for, at det samlet er g\u00e5et Inuit Ataqatigiit s\u00e5 godt \u2013 og at vi nu med fornyet styrke kan skabe fremskridt, tryghed og udvikling i Gr\u00f8nland.\u201d<\/p>\n<p>\u201dJeg vil gerne sige tak for valgkampen til alle partier og kandidater i Kommuneqarfik Sermersooq. Nu g\u00e5r de politiske dr\u00f8ftelser om et politisk grundlag i gang. Det h\u00e5ber jeg kan komme p\u00e5 plads i l\u00f8bet af nogle dage, og s\u00e5 l\u00f8fter vi selvf\u00f8lgelig sl\u00f8ret for indholdet snarest derefter. I f\u00f8rste omgang vil jeg m\u00f8des med alle partierne og tale om arbejdet i kommunalbestyrelsen fremover og jeg starter naturligvis med Demokraatit her til morgen.\u201d<\/p>\n<p>\u201dJeg vil gerne lyk\u00f8nske Demokraatit med deres flotte valg og fremgang \u2013 og takke for det gode samarbejde vi har haft hidtil, og jeg ser frem til at udbygge det.\u201d<\/p>\n<p>\u201dJeg vil gerne sige s\u00e6rligt tak til min partiformand Sara Olsvig for hendes store arbejde og store st\u00f8tte her i valgkampen. Der er mange gode grunde til at v\u00e6re IA\u2019er og v\u00e6re stolt af det. Sara er \u00e9n af dem, og jeg er meget taknemmelig. Jeg vil ogs\u00e5 gerne lyk\u00f8nske hende med det flotte IA-resultat p\u00e5 landsplan. Og en s\u00e6rlig lyk\u00f8nskning til Ane Hansen for det fremragende valg.\u201d<\/p>\n<p>&nbsp;<\/p>\n<p>Asii Chemnitz Narup<\/p>\n","protected":false},"excerpt":{"rendered":"<p>Inuit Ataqatigiit fik et godt valg p\u00e5 landsplan og klarede det ogs\u00e5 godt i Kommuneqarfik Sermersooq. \u201dJeg er dybt taknemmelig for resultatet og meget, meget ydmyg over den tillid s\u00e5 mange mennesker har vist mig personligt. Men f\u00f8rst og fremmest er jeg glad for, at det samlet er g\u00e5et Inuit Ataqatigiit s\u00e5 godt \u2013 og [&hellip;]<\/p>\n","protected":false},"author":1,"featured_media":461,"comment_status":"closed","ping_status":"closed","sticky":false,"template":"","format":"standard","meta":{"footnotes":""},"categories":[19],"tags":[],"class_list":["post-6816","post","type-post","status-publish","format-standard","has-post-thumbnail","hentry","category-seneste-nyheder-inuit-ataqatigiit"],"_links":{"self":[{"href":"https:\/\/ia.gl\/kl\/wp-json\/wp\/v2\/posts\/6816","targetHints":{"allow":["GET"]}}],"collection":[{"href":"https:\/\/ia.gl\/kl\/wp-json\/wp\/v2\/posts"}],"about":[{"href":"https:\/\/ia.gl\/kl\/wp-json\/wp\/v2\/types\/post"}],"author":[{"embeddable":true,"href":"https:\/\/ia.gl\/kl\/wp-json\/wp\/v2\/users\/1"}],"replies":[{"embeddable":true,"href":"https:\/\/ia.gl\/kl\/wp-json\/wp\/v2\/comments?post=6816"}],"version-history":[{"count":1,"href":"https:\/\/ia.gl\/kl\/wp-json\/wp\/v2\/posts\/6816\/revisions"}],"predecessor-version":[{"id":6817,"href":"https:\/\/ia.gl\/kl\/wp-json\/wp\/v2\/posts\/6816\/revisions\/6817"}],"wp:featuredmedia":[{"embeddable":true,"href":"https:\/\/ia.gl\/kl\/wp-json\/wp\/v2\/media\/461"}],"wp:attachment":[{"href":"https:\/\/ia.gl\/kl\/wp-json\/wp\/v2\/media?parent=6816"}],"wp:term":[{"taxonomy":"category","embeddable":true,"href":"https:\/\/ia.gl\/kl\/wp-json\/wp\/v2\/categories?post=6816"},{"taxonomy":"post_tag","embeddable":true,"href":"https:\/\/ia.gl\/kl\/wp-json\/wp\/v2\/tags?post=6816"}],"curies":[{"name":"wp","href":"https:\/\/api.w.org\/{rel}","templated":true}]}}