{"id":6808,"date":"2017-04-02T18:00:06","date_gmt":"2017-04-02T18:00:06","guid":{"rendered":"https:\/\/demo.ia.gl\/formanden-for-naalakkersuisut-blander-sig-lige-foer-afslutningen-af-valgkampen-i-kommune-kujalleq\/"},"modified":"2024-07-14T20:46:16","modified_gmt":"2024-07-14T20:46:16","slug":"formanden-for-naalakkersuisut-blander-sig-lige-foer-afslutningen-af-valgkampen-i-kommune-kujalleq","status":"publish","type":"post","link":"https:\/\/ia.gl\/kl\/formanden-for-naalakkersuisut-blander-sig-lige-foer-afslutningen-af-valgkampen-i-kommune-kujalleq\/","title":{"rendered":"Formanden for Naalakkersuisut blander sig lige f\u00f8r afslutningen af valgkampen i Kommune Kujalleq"},"content":{"rendered":"<p>Sket er sket og de sociale problemer eksistere endnu \u2013 dette uanset om hvorvidt Siumut\u2019s og Naalakkersuisuts formand blander sig i sidste \u00f8jeblik.<\/p>\n<p>Kommune Kujalleq har efter kommunesammenl\u00e6gningerne v\u00e6ret kendetegnet ved rod. Hvor diverse socialchefer samt kvalificerede socialr\u00e5dgivere \u00e9n efter \u00e9n er rejst hurtigt igen. S\u00e5ledes at borgerne ogs\u00e5 b\u00f8r sp\u00f8rge, HVORFOR?<\/p>\n<p>Men det st\u00e5r klart, at den \u00f8verste kommunale ledelse har nedprioriteret den del af opgaven og derved skabt problemerne og foranlediget at borgerne ikke har f\u00f8lelsen af at v\u00e6re blevet behandlet ordentligt.<\/p>\n<p>Resultatet er, at dem der er blevet ramt af den kommunale prioritering er: B\u00f8rnene, de ledige, f\u00f8rtidspensionister samt de \u00e6ldre.<\/p>\n<p>Her op til valget skal det \u00e5benbart v\u00e6re s\u00e5dan, at landets politiske leder blander sig og fors\u00f8ger at \u201dro\u201d sig frem til at skabe ro i Kommune Kujalleq og har derved indvilget i at deltage ved diverse arrangementer.<\/p>\n<p>Ja, vi vil gerne m\u00f8des med vore politiske ledere! Men sket er sket \u2013 og det har prim\u00e6rt v\u00e6ret p\u00e5 baggrund af forkerte prioriteringer i Kommune Kujalleq. Derfor kan tingene ikke l\u00f8ses ved at man blander sig utidigt i valgkampen.<\/p>\n<p>Kun ved at indr\u00f8mme, at de fejl der er blevet beg\u00e5et indenfor de seneste \u00e5r \u00f8nskes l\u00f8st, og at\u00a0 man har derved har vilje og lyst til at g\u00f8re noget disse, kan man konkret tage skridt til at l\u00f8se disse. Nu virker det som om, at man g\u00f8r det forsent og at Naalakkersuisuts formand blander sig utidigt.<\/p>\n<p>&nbsp;<\/p>\n<p>&nbsp;<\/p>\n<p>Stine Egede<\/p>\n<p>Inuit Ataqatigiit<\/p>\n","protected":false},"excerpt":{"rendered":"<p>Sket er sket og de sociale problemer eksistere endnu \u2013 dette uanset om hvorvidt Siumut\u2019s og Naalakkersuisuts formand blander sig i sidste \u00f8jeblik. Kommune Kujalleq har efter kommunesammenl\u00e6gningerne v\u00e6ret kendetegnet ved rod. Hvor diverse socialchefer samt kvalificerede socialr\u00e5dgivere \u00e9n efter \u00e9n er rejst hurtigt igen. S\u00e5ledes at borgerne ogs\u00e5 b\u00f8r sp\u00f8rge, HVORFOR? Men det st\u00e5r [&hellip;]<\/p>\n","protected":false},"author":1,"featured_media":461,"comment_status":"closed","ping_status":"closed","sticky":false,"template":"","format":"standard","meta":{"footnotes":""},"categories":[19],"tags":[],"class_list":["post-6808","post","type-post","status-publish","format-standard","has-post-thumbnail","hentry","category-seneste-nyheder-inuit-ataqatigiit"],"_links":{"self":[{"href":"https:\/\/ia.gl\/kl\/wp-json\/wp\/v2\/posts\/6808","targetHints":{"allow":["GET"]}}],"collection":[{"href":"https:\/\/ia.gl\/kl\/wp-json\/wp\/v2\/posts"}],"about":[{"href":"https:\/\/ia.gl\/kl\/wp-json\/wp\/v2\/types\/post"}],"author":[{"embeddable":true,"href":"https:\/\/ia.gl\/kl\/wp-json\/wp\/v2\/users\/1"}],"replies":[{"embeddable":true,"href":"https:\/\/ia.gl\/kl\/wp-json\/wp\/v2\/comments?post=6808"}],"version-history":[{"count":1,"href":"https:\/\/ia.gl\/kl\/wp-json\/wp\/v2\/posts\/6808\/revisions"}],"predecessor-version":[{"id":6809,"href":"https:\/\/ia.gl\/kl\/wp-json\/wp\/v2\/posts\/6808\/revisions\/6809"}],"wp:featuredmedia":[{"embeddable":true,"href":"https:\/\/ia.gl\/kl\/wp-json\/wp\/v2\/media\/461"}],"wp:attachment":[{"href":"https:\/\/ia.gl\/kl\/wp-json\/wp\/v2\/media?parent=6808"}],"wp:term":[{"taxonomy":"category","embeddable":true,"href":"https:\/\/ia.gl\/kl\/wp-json\/wp\/v2\/categories?post=6808"},{"taxonomy":"post_tag","embeddable":true,"href":"https:\/\/ia.gl\/kl\/wp-json\/wp\/v2\/tags?post=6808"}],"curies":[{"name":"wp","href":"https:\/\/api.w.org\/{rel}","templated":true}]}}