{"id":6792,"date":"2017-03-30T16:00:06","date_gmt":"2017-03-30T16:00:06","guid":{"rendered":"https:\/\/demo.ia.gl\/lad-os-styrke-familieorienteret-tilgang\/"},"modified":"2024-07-14T20:46:16","modified_gmt":"2024-07-14T20:46:16","slug":"lad-os-styrke-familieorienteret-tilgang","status":"publish","type":"post","link":"https:\/\/ia.gl\/kl\/lad-os-styrke-familieorienteret-tilgang\/","title":{"rendered":"Lad os styrke familieorienteret tilgang"},"content":{"rendered":"<p><i><span style=\"font-size: 10.0pt; font-family: 'Verdana','sans-serif';\"><span style=\"color: #000000;\">Empowerment, for\u00e6ldrer\u00e5dslagning, og familienetv\u00e6rksarbejde er vejen frem.<\/span><\/span><\/i><\/p>\n<p><span style=\"font-size: 10.0pt; font-family: 'Verdana','sans-serif';\"><span style=\"color: #000000;\">N\u00e5r vi som politikere planl\u00e6gger vores indsatser i forhold til de socialt udsatte familier, har vi en tendens til at have en problemorienteret tilgang til de udfordringer familien st\u00e5r med.<\/span><\/span><\/p>\n<p><span style=\"font-size: 10.0pt; font-family: 'Verdana','sans-serif';\"><span style=\"color: #000000;\">I den problemorienterede tilgang fokuserer vi p\u00e5, hvilke problemer der skal l\u00f8ses. <\/span><\/span><\/p>\n<p><span style=\"font-size: 10.0pt; font-family: 'Verdana','sans-serif';\"><span style=\"color: #000000;\">Det er efterh\u00e5nden blevet meget sj\u00e6ldent, at jeg ser en en ressourcebaseret tilgang til de udfordringer familierne st\u00e5r med. I den ressourcebaserede tilgang vurderer vi, hvilke ressourcer en familie er i besiddelse af, som vi \u00f8nsker at fremme. En ressourcebaseret tilgang til forebyggelse, tager udgangspunkt i det enkelte menneskes egne ressourcer, eller en families ressourcer.<\/span><\/span><\/p>\n<p><span style=\"font-size: 10.0pt; font-family: 'Verdana','sans-serif';\"><span style=\"color: #000000;\">Min klare holdning er, at vi skal blive meget bedre til at arbejde med en ressourcebaseret\u00a0 tilgang indenfor det sociale omr\u00e5de, i forhold til udsatte b\u00f8rn og deres for\u00e6ldre, f.eks.i empowerment forst\u00e5elsen, i for\u00e6ldrer\u00e5dslagning, familienetv\u00e6rksarbejde, i konflikth\u00e5ndtering og m\u00e6glingstankegangen.<\/span><\/span><\/p>\n<p><span style=\"font-size: 10.0pt; font-family: 'Verdana','sans-serif';\"><span style=\"color: #000000;\">Familier\u00e5dslagning, for\u00e6ldretr\u00e6ning og familieterapi er eksempler p\u00e5 typer af tiltag med for\u00e6ldre, som overvejende har dokumenteret positive effekter.<\/span><\/span><\/p>\n<p><span style=\"font-size: 10.0pt; font-family: 'Verdana','sans-serif';\"><span style=\"color: #000000;\">Tidlig forebyggelse med inddragelse af for\u00e6ldre er mest effektiv og kan begr\u00e6nse eller i bedste fald undg\u00e5, at problemer vokser sig store.<\/span><\/span><\/p>\n<p><span style=\"font-size: 10.0pt; font-family: 'Verdana','sans-serif';\"><span style=\"color: #000000;\">Familier\u00e5dslagning giver familien magten tilbage i deres eget liv. Giver ejerskab og ansvar for l\u00f8sningerne.<\/span><\/span><\/p>\n<p><span style=\"font-size: 10.0pt; font-family: 'Verdana','sans-serif';\"><span style=\"color: #000000;\">Familienetv\u00e6rk kender ressourcerne, barnet og dets udfordringer bedre end kommunen For\u00e6ldre til b\u00f8rn og unge med risikoadf\u00e6rd kan samles og skabe f\u00e6lles erkendelser og l\u00f8sninger, alt imens de st\u00f8ttes i troen p\u00e5, de kan g\u00f8re en forskel. <\/span><\/span><\/p>\n<p><span style=\"font-size: 10.0pt; font-family: 'Verdana','sans-serif';\"><span style=\"color: #000000;\">Empowerment i fokus. Vi m\u00e5 skabe et tilbud til for\u00e6ldre, som gerne vil m\u00f8des \u201duden for systemet\u201d p\u00e5 en m\u00e5de, s\u00e5 de kan hj\u00e6lpe sig selv ved at hj\u00e6lpe hinanden. <\/span><\/span><\/p>\n<p><span style=\"font-size: 10.0pt; font-family: 'Verdana','sans-serif';\"><span style=\"color: #000000;\">\u00a0<\/span><\/span><\/p>\n<p><u><span style=\"font-size: 10.0pt; font-family: 'Verdana','sans-serif';\"><span style=\"color: #000000;\">Faktaboks:<\/span><\/span><\/u><\/p>\n<p><span style=\"font-size: 10.0pt; font-family: 'Verdana','sans-serif';\"><span style=\"color: #000000;\">En opv\u00e6kst i fattigdom pr\u00e6ger barnets opv\u00e6kstvilk\u00e5r og opfattelse af retf\u00e6rdighed i samfundet. Socio\u00f8konomisk og misbrug skaber utryghed og usikkerhed i for\u00e6ldrerollen. <\/span><\/span><\/p>\n<p><span style=\"font-size: 10.0pt; font-family: 'Verdana','sans-serif';\"><span style=\"color: #000000;\">Knaphed i hverdagen begr\u00e6nser f\u00f8lelsen af selvbestemmelse og \u00f8ger risikoen for aggression, opgivelse og depression. Det ser vi desv\u00e6rre rigtigt meget hos mange familier.<\/span><\/span><\/p>\n<p><span style=\"font-size: 10.0pt; font-family: 'Verdana','sans-serif';\"><span style=\"color: #000000;\">\u00a0<\/span><\/span><\/p>\n<p><span style=\"font-size: 10.0pt; font-family: 'Verdana','sans-serif';\"><span style=\"color: #000000;\">Mange for\u00e6ldre f\u00f8ler, at andre har en opfattelse af dem som \u201ddumme og dovne\u201d og opleve, og de mangler social v\u00e6rds\u00e6ttelse. <\/span><\/span><\/p>\n<p><span style=\"font-size: 10.0pt; font-family: 'Verdana','sans-serif';\"><span style=\"color: #000000;\">For\u00e6ldre oplever, at de mangler selvrespekt, selvagtelse og har en generel oplevelse af at mislykkes som for\u00e6ldre.<\/span><\/span><\/p>\n<p><span style=\"font-size: 10.0pt; font-family: 'Verdana','sans-serif';\"><span style=\"color: #000000;\">Lad os nu, een gang for alle s\u00e6tte en fattigdoms gr\u00e6nse i Gr\u00f8nland. Tingene h\u00e6nger sammen. Hvis vi skal lave forebyggende arbejde, s\u00e5 m\u00e5 politikerne blankt erkende, at fattigdom er \u00e5rsag til mange af de sociale problemer vi k\u00e6mper med i dagens gr\u00f8nland.<\/span><\/span><\/p>\n<p><span style=\"font-size: 10.0pt; font-family: 'Verdana','sans-serif';\"><span style=\"color: #000000;\">\u00a0<\/span><\/span><\/p>\n<p><span style=\"font-size: 10.0pt; font-family: 'Verdana','sans-serif';\"><span style=\"color: #000000;\">\u00a0<\/span><\/span><\/p>\n<p><span style=\"font-size: 10.0pt; font-family: 'Verdana','sans-serif';\"><span style=\"color: #000000;\">Inge Olsvig Brandt<\/span><\/span><\/p>\n<p><span style=\"font-size: 10.0pt; font-family: 'Verdana','sans-serif';\"><span style=\"color: #000000;\">Inuit Ataqatigiit<\/span><\/span><\/p>\n<p><span style=\"font-size: 10.0pt; font-family: 'Verdana','sans-serif';\"><span style=\"color: #000000;\">Sermersooq<\/span><\/span><\/p>\n","protected":false},"excerpt":{"rendered":"<p>Empowerment, for\u00e6ldrer\u00e5dslagning, og familienetv\u00e6rksarbejde er vejen frem. N\u00e5r vi som politikere planl\u00e6gger vores indsatser i forhold til de socialt udsatte familier, har vi en tendens til at have en problemorienteret tilgang til de udfordringer familien st\u00e5r med. I den problemorienterede tilgang fokuserer vi p\u00e5, hvilke problemer der skal l\u00f8ses. Det er efterh\u00e5nden blevet meget sj\u00e6ldent, [&hellip;]<\/p>\n","protected":false},"author":1,"featured_media":461,"comment_status":"closed","ping_status":"closed","sticky":false,"template":"","format":"standard","meta":{"footnotes":""},"categories":[19],"tags":[],"class_list":["post-6792","post","type-post","status-publish","format-standard","has-post-thumbnail","hentry","category-seneste-nyheder-inuit-ataqatigiit"],"_links":{"self":[{"href":"https:\/\/ia.gl\/kl\/wp-json\/wp\/v2\/posts\/6792","targetHints":{"allow":["GET"]}}],"collection":[{"href":"https:\/\/ia.gl\/kl\/wp-json\/wp\/v2\/posts"}],"about":[{"href":"https:\/\/ia.gl\/kl\/wp-json\/wp\/v2\/types\/post"}],"author":[{"embeddable":true,"href":"https:\/\/ia.gl\/kl\/wp-json\/wp\/v2\/users\/1"}],"replies":[{"embeddable":true,"href":"https:\/\/ia.gl\/kl\/wp-json\/wp\/v2\/comments?post=6792"}],"version-history":[{"count":1,"href":"https:\/\/ia.gl\/kl\/wp-json\/wp\/v2\/posts\/6792\/revisions"}],"predecessor-version":[{"id":6793,"href":"https:\/\/ia.gl\/kl\/wp-json\/wp\/v2\/posts\/6792\/revisions\/6793"}],"wp:featuredmedia":[{"embeddable":true,"href":"https:\/\/ia.gl\/kl\/wp-json\/wp\/v2\/media\/461"}],"wp:attachment":[{"href":"https:\/\/ia.gl\/kl\/wp-json\/wp\/v2\/media?parent=6792"}],"wp:term":[{"taxonomy":"category","embeddable":true,"href":"https:\/\/ia.gl\/kl\/wp-json\/wp\/v2\/categories?post=6792"},{"taxonomy":"post_tag","embeddable":true,"href":"https:\/\/ia.gl\/kl\/wp-json\/wp\/v2\/tags?post=6792"}],"curies":[{"name":"wp","href":"https:\/\/api.w.org\/{rel}","templated":true}]}}