{"id":6790,"date":"2017-03-30T15:54:50","date_gmt":"2017-03-30T15:54:50","guid":{"rendered":"https:\/\/demo.ia.gl\/lad-os-foere-en-sober-valgkamp\/"},"modified":"2024-07-14T20:46:16","modified_gmt":"2024-07-14T20:46:16","slug":"lad-os-foere-en-sober-valgkamp","status":"publish","type":"post","link":"https:\/\/ia.gl\/kl\/lad-os-foere-en-sober-valgkamp\/","title":{"rendered":"Lad os f\u00f8re en sober valgkamp"},"content":{"rendered":"<p><i><span style=\"font-size: 10.0pt; font-family: 'Verdana','sans-serif'; color: black;\">Selv om det meste af valgkampen i Qaasuitsoq Nord blev f\u00f8rt i fordragelighed, mener vi at enkeltes opf\u00f8rsel i valgkampen kan betegnes som uordentligt.<\/span><\/i><\/p>\n<p><span style=\"font-size: 10.0pt; font-family: 'Verdana','sans-serif'; color: black;\">Valkampturneen i Uummannaq som var planlagt fra den 25. til den 27. marts, som vi partier fra Ilulissat havde planlagt at skulle deltage i, var blevet flyttet til begyndelsen af april uden at informere os, dermed blev Demokraatit og Inuit Ataqatigiit, som ikke opstillede kandidater fra Uummannaq-fjorden udelukket fra at kunne deltage. S\u00e5danne handlinger er disrespekt for demokratiet og det kan vi fra Inuit Ataqatigiit ikke acceptere. <\/span><\/p>\n<p><span style=\"font-size: 10.0pt; font-family: 'Verdana','sans-serif'; color: black;\">Vi gav Siumut og Partii Naleraq en god mulighed for at kunne diskutere vores valgopl\u00e6g foran v\u00e6lgerne, s\u00e5ledes at v\u00e6lgerne selv kan danne sig et overblik over partiernes forskelle, men desv\u00e6rre blev v\u00e6lgerne frataget denne mulighed.<\/span><\/p>\n<p><span style=\"font-size: 10.0pt; font-family: 'Verdana','sans-serif'; color: black;\">\u00a0<\/span><\/p>\n<p><span style=\"font-size: 10.0pt; font-family: 'Verdana','sans-serif';\"><span style=\"color: #000000;\">Bendt B. Kristiansen<\/span><\/span><\/p>\n<p><span style=\"font-size: 10.0pt; font-family: 'Verdana','sans-serif';\"><span style=\"color: #000000;\">Inuit Ataqatigiit<\/span><\/span><\/p>\n<p><span style=\"font-size: 10.0pt; font-family: 'Verdana','sans-serif';\"><span style=\"color: #000000;\">Qaasuitsup Kommunia (Nord)<\/span><\/span><\/p>\n","protected":false},"excerpt":{"rendered":"<p>Selv om det meste af valgkampen i Qaasuitsoq Nord blev f\u00f8rt i fordragelighed, mener vi at enkeltes opf\u00f8rsel i valgkampen kan betegnes som uordentligt. Valkampturneen i Uummannaq som var planlagt fra den 25. til den 27. marts, som vi partier fra Ilulissat havde planlagt at skulle deltage i, var blevet flyttet til begyndelsen af april [&hellip;]<\/p>\n","protected":false},"author":1,"featured_media":461,"comment_status":"closed","ping_status":"closed","sticky":false,"template":"","format":"standard","meta":{"footnotes":""},"categories":[19],"tags":[],"class_list":["post-6790","post","type-post","status-publish","format-standard","has-post-thumbnail","hentry","category-seneste-nyheder-inuit-ataqatigiit"],"_links":{"self":[{"href":"https:\/\/ia.gl\/kl\/wp-json\/wp\/v2\/posts\/6790","targetHints":{"allow":["GET"]}}],"collection":[{"href":"https:\/\/ia.gl\/kl\/wp-json\/wp\/v2\/posts"}],"about":[{"href":"https:\/\/ia.gl\/kl\/wp-json\/wp\/v2\/types\/post"}],"author":[{"embeddable":true,"href":"https:\/\/ia.gl\/kl\/wp-json\/wp\/v2\/users\/1"}],"replies":[{"embeddable":true,"href":"https:\/\/ia.gl\/kl\/wp-json\/wp\/v2\/comments?post=6790"}],"version-history":[{"count":1,"href":"https:\/\/ia.gl\/kl\/wp-json\/wp\/v2\/posts\/6790\/revisions"}],"predecessor-version":[{"id":6791,"href":"https:\/\/ia.gl\/kl\/wp-json\/wp\/v2\/posts\/6790\/revisions\/6791"}],"wp:featuredmedia":[{"embeddable":true,"href":"https:\/\/ia.gl\/kl\/wp-json\/wp\/v2\/media\/461"}],"wp:attachment":[{"href":"https:\/\/ia.gl\/kl\/wp-json\/wp\/v2\/media?parent=6790"}],"wp:term":[{"taxonomy":"category","embeddable":true,"href":"https:\/\/ia.gl\/kl\/wp-json\/wp\/v2\/categories?post=6790"},{"taxonomy":"post_tag","embeddable":true,"href":"https:\/\/ia.gl\/kl\/wp-json\/wp\/v2\/tags?post=6790"}],"curies":[{"name":"wp","href":"https:\/\/api.w.org\/{rel}","templated":true}]}}