{"id":6788,"date":"2017-03-30T10:10:45","date_gmt":"2017-03-30T10:10:45","guid":{"rendered":"https:\/\/demo.ia.gl\/lad-os-foere-en-sober-valgkamp-i-god-tone-og-uden-nedrakning\/"},"modified":"2024-07-14T20:46:16","modified_gmt":"2024-07-14T20:46:16","slug":"lad-os-foere-en-sober-valgkamp-i-god-tone-og-uden-nedrakning","status":"publish","type":"post","link":"https:\/\/ia.gl\/kl\/lad-os-foere-en-sober-valgkamp-i-god-tone-og-uden-nedrakning\/","title":{"rendered":"Lad os f\u00f8re en sober valgkamp i god tone og uden nedrakning"},"content":{"rendered":"<p><em>Det er overraskende at man i sociale medier samt blandt kandidater benyttes en h\u00e5rd og nedrakkende tone. Det er besk\u00e6mmende og m\u00e5 bringes til oph\u00f8r.<\/em><\/p>\n<p>N\u00e5r vi har politiske dr\u00f8ftelser er vi n\u00f8dvendigvis ikke enige. Desuagtet b\u00f8r vi ikke bruge usmagelige nedrakninger til en der har andre meninger end os selv i valgkampen.<\/p>\n<p>Hvis der blandt kandidaterne menes at det vil v\u00e6re til ens fordel at nedrakke en anden parti, eller at en anden parti f\u00e5r f\u00e6rre stemmer, s\u00e5 mener jeg at denne tankegang er meget beklagelig. Jeg mener at s\u00e5danne handlinger er b\u00e5de til skade for demokratiet og besk\u00e6mmende.<\/p>\n<p>Lad os udtrykke vores meninger og f\u00f8re en valgkamp for at komme ud med gode form\u00e5l for vort land og dets befolknings skyld. Hvis nedrakning skal v\u00e6re n\u00f8dvendigt at opn\u00e5 valg, vil det v\u00e6re yderst skuffende. Det b\u00f8r ikke v\u00e6re s\u00e5dan.<\/p>\n<p>Hvis ikke vi \u00f8nsker skade politik og politikere her i landet og \u00f8nsker at dem der f\u00f8lger med og afgiver stemme skal stige i antal m\u00e5 vi opf\u00f8re os ordentligt. Lad os vise vore b\u00f8rn og unge, at vi voksne er i stand til at snakke sammen og f\u00f8re debat i en god tone.<\/p>\n<p>Lad os gr\u00f8nl\u00e6ndere st\u00e5 sammen og vide at selv om folk fra andre partier har andre meninger, s\u00e5 stiller de op med en vilje for at arbejde for vores land.<\/p>\n<p>&nbsp;<\/p>\n<p>Hector Lennert S\u00f8rensen<\/p>\n<p>Inuit Ataqatigiit<\/p>\n<p>Qaasuitsup Kommunia (Syd)<\/p>\n","protected":false},"excerpt":{"rendered":"<p>Det er overraskende at man i sociale medier samt blandt kandidater benyttes en h\u00e5rd og nedrakkende tone. Det er besk\u00e6mmende og m\u00e5 bringes til oph\u00f8r. N\u00e5r vi har politiske dr\u00f8ftelser er vi n\u00f8dvendigvis ikke enige. Desuagtet b\u00f8r vi ikke bruge usmagelige nedrakninger til en der har andre meninger end os selv i valgkampen. Hvis der [&hellip;]<\/p>\n","protected":false},"author":1,"featured_media":461,"comment_status":"closed","ping_status":"closed","sticky":false,"template":"","format":"standard","meta":{"footnotes":""},"categories":[19],"tags":[],"class_list":["post-6788","post","type-post","status-publish","format-standard","has-post-thumbnail","hentry","category-seneste-nyheder-inuit-ataqatigiit"],"_links":{"self":[{"href":"https:\/\/ia.gl\/kl\/wp-json\/wp\/v2\/posts\/6788","targetHints":{"allow":["GET"]}}],"collection":[{"href":"https:\/\/ia.gl\/kl\/wp-json\/wp\/v2\/posts"}],"about":[{"href":"https:\/\/ia.gl\/kl\/wp-json\/wp\/v2\/types\/post"}],"author":[{"embeddable":true,"href":"https:\/\/ia.gl\/kl\/wp-json\/wp\/v2\/users\/1"}],"replies":[{"embeddable":true,"href":"https:\/\/ia.gl\/kl\/wp-json\/wp\/v2\/comments?post=6788"}],"version-history":[{"count":1,"href":"https:\/\/ia.gl\/kl\/wp-json\/wp\/v2\/posts\/6788\/revisions"}],"predecessor-version":[{"id":6789,"href":"https:\/\/ia.gl\/kl\/wp-json\/wp\/v2\/posts\/6788\/revisions\/6789"}],"wp:featuredmedia":[{"embeddable":true,"href":"https:\/\/ia.gl\/kl\/wp-json\/wp\/v2\/media\/461"}],"wp:attachment":[{"href":"https:\/\/ia.gl\/kl\/wp-json\/wp\/v2\/media?parent=6788"}],"wp:term":[{"taxonomy":"category","embeddable":true,"href":"https:\/\/ia.gl\/kl\/wp-json\/wp\/v2\/categories?post=6788"},{"taxonomy":"post_tag","embeddable":true,"href":"https:\/\/ia.gl\/kl\/wp-json\/wp\/v2\/tags?post=6788"}],"curies":[{"name":"wp","href":"https:\/\/api.w.org\/{rel}","templated":true}]}}