{"id":6786,"date":"2017-03-29T16:06:06","date_gmt":"2017-03-29T16:06:06","guid":{"rendered":"https:\/\/demo.ia.gl\/der-skal-oprettes-lokalraad\/"},"modified":"2024-07-14T20:46:16","modified_gmt":"2024-07-14T20:46:16","slug":"der-skal-oprettes-lokalraad","status":"publish","type":"post","link":"https:\/\/ia.gl\/kl\/der-skal-oprettes-lokalraad\/","title":{"rendered":"Der skal oprettes lokalr\u00e5d"},"content":{"rendered":"<p><span style=\"color: #000000; font-family: Calibri;\">I de foreg\u00e5ende valgperioder holdte v\u00e6lgerne l\u00e6ngere varende protest over mistet medindflydelse. Dette skete p\u00e5 baggrund af politisk ledere ikke holdte n\u00e6rt kontakt til borgerne, hvor borgmesteren ikke har arbejdet t\u00e6t p\u00e5 folket, selv om dette var et \u00f8nske fra dem selv.<\/span><\/p>\n<p><span style=\"color: #000000; font-family: Calibri;\">For at sikre medindflydelse og ejerskab i den kommunale styring, Inuit Ataqatigiit vil arbejde for at etablere lokale r\u00e5de i byerne, hvor man vil have det t\u00e6tte relation til det politiske beslutningstagere.<\/span><\/p>\n<p><span style=\"color: #000000; font-family: Calibri;\">Efter bygdernes mange\u00e5rig \u00f8nske om \u00f8get bestemmelsesret, forelagde Inuit Ataqatigiit et forslag om \u00f8get kompetence ved bygdebestyrelserne, hvor det blev indf\u00f8rt i 2017, og dette skridt vil man arbejde videre i det kommende valgperiode.<\/span><\/p>\n<p><span style=\"color: #000000; font-family: Calibri;\">\u00a0<\/span><\/p>\n<p><span style=\"color: #000000; font-family: Calibri;\">Bendt B. Kristiansen<\/span><\/p>\n<p><span style=\"color: #000000; font-family: Calibri;\">Inuit Ataqatigiit<\/span><\/p>\n","protected":false},"excerpt":{"rendered":"<p>I de foreg\u00e5ende valgperioder holdte v\u00e6lgerne l\u00e6ngere varende protest over mistet medindflydelse. Dette skete p\u00e5 baggrund af politisk ledere ikke holdte n\u00e6rt kontakt til borgerne, hvor borgmesteren ikke har arbejdet t\u00e6t p\u00e5 folket, selv om dette var et \u00f8nske fra dem selv. For at sikre medindflydelse og ejerskab i den kommunale styring, Inuit Ataqatigiit vil [&hellip;]<\/p>\n","protected":false},"author":1,"featured_media":461,"comment_status":"closed","ping_status":"closed","sticky":false,"template":"","format":"standard","meta":{"footnotes":""},"categories":[19],"tags":[],"class_list":["post-6786","post","type-post","status-publish","format-standard","has-post-thumbnail","hentry","category-seneste-nyheder-inuit-ataqatigiit"],"_links":{"self":[{"href":"https:\/\/ia.gl\/kl\/wp-json\/wp\/v2\/posts\/6786","targetHints":{"allow":["GET"]}}],"collection":[{"href":"https:\/\/ia.gl\/kl\/wp-json\/wp\/v2\/posts"}],"about":[{"href":"https:\/\/ia.gl\/kl\/wp-json\/wp\/v2\/types\/post"}],"author":[{"embeddable":true,"href":"https:\/\/ia.gl\/kl\/wp-json\/wp\/v2\/users\/1"}],"replies":[{"embeddable":true,"href":"https:\/\/ia.gl\/kl\/wp-json\/wp\/v2\/comments?post=6786"}],"version-history":[{"count":1,"href":"https:\/\/ia.gl\/kl\/wp-json\/wp\/v2\/posts\/6786\/revisions"}],"predecessor-version":[{"id":6787,"href":"https:\/\/ia.gl\/kl\/wp-json\/wp\/v2\/posts\/6786\/revisions\/6787"}],"wp:featuredmedia":[{"embeddable":true,"href":"https:\/\/ia.gl\/kl\/wp-json\/wp\/v2\/media\/461"}],"wp:attachment":[{"href":"https:\/\/ia.gl\/kl\/wp-json\/wp\/v2\/media?parent=6786"}],"wp:term":[{"taxonomy":"category","embeddable":true,"href":"https:\/\/ia.gl\/kl\/wp-json\/wp\/v2\/categories?post=6786"},{"taxonomy":"post_tag","embeddable":true,"href":"https:\/\/ia.gl\/kl\/wp-json\/wp\/v2\/tags?post=6786"}],"curies":[{"name":"wp","href":"https:\/\/api.w.org\/{rel}","templated":true}]}}