{"id":6772,"date":"2017-03-28T16:41:10","date_gmt":"2017-03-28T16:41:10","guid":{"rendered":"https:\/\/demo.ia.gl\/program-i-nuuk\/"},"modified":"2024-07-14T20:46:15","modified_gmt":"2024-07-14T20:46:15","slug":"program-i-nuuk","status":"publish","type":"post","link":"https:\/\/ia.gl\/kl\/program-i-nuuk\/","title":{"rendered":"Program i Nuuk"},"content":{"rendered":"<p><strong><u>28. marts nal. 10:00 \u2013 12:30<\/u><\/strong> V\u00e6lgerm\u00f8de i NI.<\/p>\n<p>&nbsp;<\/p>\n<p><strong><u>28. marts nal. 16:30 \u2013 18:30,\u00a0Arrang\u00f8r Dj\u00f8f. Katuaqs venskabssal.<\/u><\/strong><\/p>\n<p>&nbsp;<\/p>\n<p><strong><u>29. marts: De unge stiller sp\u00f8rgsm\u00e5l til partierne<\/u><\/strong><strong>GUX\u00a0Aula (Gr\u00f8nlandsk)<\/strong><\/p>\n<p>Kl. 16:00 \u2013 17:00 (g) Hvert parti stiller med to kandidater, ingen udskiftning. Journalist\/v\u00e6rt: N\u00fbno I. &amp; Maannguaq Berthelsen.<\/p>\n<p>&nbsp;<\/p>\n<p><strong><u>30. marts nal. 19:00 \u2013 22:00 \u2013\u00a0V\u00e6lgerm\u00f8de i Katuaqs lillesal<\/u><\/strong><\/p>\n<p><em>V\u00e6lgerm\u00f8de:<\/em> B\u00f8rn, unge, kultur og fritid.<\/p>\n<p>&nbsp;<\/p>\n<p><strong><u>1. april nal. 10.30 <\/u><\/strong><\/p>\n<p>Uddeling af valgprogram i midtbyen.<\/p>\n<p>&nbsp;<\/p>\n<p><strong><u>1.april nal. <\/u><\/strong><strong><u>12:00 Katuaq&#8217;s\u00a0foyer Nuuk Tv<\/u><\/strong><\/p>\n<p>Gr\u00f8nlandsk 90min. To kandidater.<\/p>\n<p>&nbsp;<\/p>\n<p><strong><u>1.april nal. 14:00 \u2013 16:00 KNR TV. Direkte fra GUX&#8217;s Aula (Grl). <\/u><\/strong><\/p>\n<p>&nbsp;<\/p>\n<p><strong><u>1.april nal. 16:15 \u2013 17:45 KNR Tv (da) Direkte v\u00e6lgerm\u00f8de i GU\u00b4s aula<\/u><\/strong><\/p>\n<p>&nbsp;<\/p>\n<p><strong><u>2.april\u00a0Spidskandidater\u00a0KNR Tv nal. 19:30 \u2013 21:25 (kal) 21:45 \u2013 22:15 (da)<\/u><\/strong><\/p>\n<p>&nbsp;<\/p>\n<p><strong><u>3.april nal. 20:50 \u2013 21:50 (da) KNR Tv<\/u><\/strong><\/p>\n<ul>\n<li>Partiform\u00e6ndenes debat<\/li>\n<\/ul>\n<p>&nbsp;<\/p>\n","protected":false},"excerpt":{"rendered":"<p>28. marts nal. 10:00 \u2013 12:30 V\u00e6lgerm\u00f8de i NI. &nbsp; 28. marts nal. 16:30 \u2013 18:30,\u00a0Arrang\u00f8r Dj\u00f8f. Katuaqs venskabssal. &nbsp; 29. marts: De unge stiller sp\u00f8rgsm\u00e5l til partierneGUX\u00a0Aula (Gr\u00f8nlandsk) Kl. 16:00 \u2013 17:00 (g) Hvert parti stiller med to kandidater, ingen udskiftning. Journalist\/v\u00e6rt: N\u00fbno I. &amp; Maannguaq Berthelsen. &nbsp; 30. marts nal. 19:00 \u2013 22:00 [&hellip;]<\/p>\n","protected":false},"author":1,"featured_media":461,"comment_status":"closed","ping_status":"closed","sticky":false,"template":"","format":"standard","meta":{"footnotes":""},"categories":[19],"tags":[],"class_list":["post-6772","post","type-post","status-publish","format-standard","has-post-thumbnail","hentry","category-seneste-nyheder-inuit-ataqatigiit"],"_links":{"self":[{"href":"https:\/\/ia.gl\/kl\/wp-json\/wp\/v2\/posts\/6772","targetHints":{"allow":["GET"]}}],"collection":[{"href":"https:\/\/ia.gl\/kl\/wp-json\/wp\/v2\/posts"}],"about":[{"href":"https:\/\/ia.gl\/kl\/wp-json\/wp\/v2\/types\/post"}],"author":[{"embeddable":true,"href":"https:\/\/ia.gl\/kl\/wp-json\/wp\/v2\/users\/1"}],"replies":[{"embeddable":true,"href":"https:\/\/ia.gl\/kl\/wp-json\/wp\/v2\/comments?post=6772"}],"version-history":[{"count":1,"href":"https:\/\/ia.gl\/kl\/wp-json\/wp\/v2\/posts\/6772\/revisions"}],"predecessor-version":[{"id":6773,"href":"https:\/\/ia.gl\/kl\/wp-json\/wp\/v2\/posts\/6772\/revisions\/6773"}],"wp:featuredmedia":[{"embeddable":true,"href":"https:\/\/ia.gl\/kl\/wp-json\/wp\/v2\/media\/461"}],"wp:attachment":[{"href":"https:\/\/ia.gl\/kl\/wp-json\/wp\/v2\/media?parent=6772"}],"wp:term":[{"taxonomy":"category","embeddable":true,"href":"https:\/\/ia.gl\/kl\/wp-json\/wp\/v2\/categories?post=6772"},{"taxonomy":"post_tag","embeddable":true,"href":"https:\/\/ia.gl\/kl\/wp-json\/wp\/v2\/tags?post=6772"}],"curies":[{"name":"wp","href":"https:\/\/api.w.org\/{rel}","templated":true}]}}