{"id":6762,"date":"2017-03-13T10:27:44","date_gmt":"2017-03-13T10:27:44","guid":{"rendered":"https:\/\/demo.ia.gl\/royal-greenland-skal-ikke-privatiseres\/"},"modified":"2024-07-14T20:46:15","modified_gmt":"2024-07-14T20:46:15","slug":"royal-greenland-skal-ikke-privatiseres","status":"publish","type":"post","link":"https:\/\/ia.gl\/kl\/royal-greenland-skal-ikke-privatiseres\/","title":{"rendered":"Royal Greenland skal ikke privatiseres"},"content":{"rendered":"<p><span lang=\"KL-GL\"><span style=\"color: #000000; font-family: Calibri;\">Naalakkersuisoq for fiskeri bekendtgjort, at RG skal privatiseres! Vi vil gerne vide om der er enighed om dette, og om man har dr\u00f8ftet det hos Naalakkersuisut. <\/span><\/span><\/p>\n<p><span lang=\"KL-GL\"><span style=\"font-family: Calibri;\">Er man vel vidende om, at vort land best\u00e5r af en langstrakt kyst med en spredt befolkning. N\u00e5r snakken g\u00e5r om vore v\u00e6rdier bliver sp\u00f8rgsm\u00e5let om rentabiliteten overfl\u00f8dig. Fra Inuit Ataqatigiit\u2019s side v\u00e6gter vi vore f\u00e6lles v\u00e6rdier.<\/span><\/span><\/p>\n<p><span lang=\"KL-GL\"><span style=\"font-family: Calibri;\">Vi har bygder og byer, som med udgangspunkt i Naalakkersuisuts politiske v\u00e6rdier og efter behov er forsynet med fiskerianl\u00e6g fra Royal Greenland, og disse er vigtige netop for de langstrakte kyster og for den spredte befolkning.<\/span><\/span><\/p>\n<p><span lang=\"KL-GL\"><span style=\"font-family: Calibri;\">Hermed skal vi fra Inuit Ataqatigiit meddele, at vi ikke tilslutter os denne tanken om en privatisering af Royal Greenland, som vi mener vil kv\u00e6le mange af bostederne. <\/span><\/span><\/p>\n<p>&nbsp;<\/p>\n<p><span lang=\"KL-GL\"><span style=\"font-family: Calibri;\">Hans Aronsen<\/span><\/span><\/p>\n<p><span lang=\"KL-GL\"><span style=\"font-family: Calibri;\">Inuit Ataqatigiit<\/span><\/span><\/p>\n<p><span lang=\"KL-GL\"><span style=\"font-family: Calibri;\">+299 22 87 33<\/span><\/span><\/p>\n","protected":false},"excerpt":{"rendered":"<p>Naalakkersuisoq for fiskeri bekendtgjort, at RG skal privatiseres! Vi vil gerne vide om der er enighed om dette, og om man har dr\u00f8ftet det hos Naalakkersuisut. Er man vel vidende om, at vort land best\u00e5r af en langstrakt kyst med en spredt befolkning. N\u00e5r snakken g\u00e5r om vore v\u00e6rdier bliver sp\u00f8rgsm\u00e5let om rentabiliteten overfl\u00f8dig. Fra [&hellip;]<\/p>\n","protected":false},"author":1,"featured_media":461,"comment_status":"closed","ping_status":"closed","sticky":false,"template":"","format":"standard","meta":{"footnotes":""},"categories":[19],"tags":[],"class_list":["post-6762","post","type-post","status-publish","format-standard","has-post-thumbnail","hentry","category-seneste-nyheder-inuit-ataqatigiit"],"_links":{"self":[{"href":"https:\/\/ia.gl\/kl\/wp-json\/wp\/v2\/posts\/6762","targetHints":{"allow":["GET"]}}],"collection":[{"href":"https:\/\/ia.gl\/kl\/wp-json\/wp\/v2\/posts"}],"about":[{"href":"https:\/\/ia.gl\/kl\/wp-json\/wp\/v2\/types\/post"}],"author":[{"embeddable":true,"href":"https:\/\/ia.gl\/kl\/wp-json\/wp\/v2\/users\/1"}],"replies":[{"embeddable":true,"href":"https:\/\/ia.gl\/kl\/wp-json\/wp\/v2\/comments?post=6762"}],"version-history":[{"count":1,"href":"https:\/\/ia.gl\/kl\/wp-json\/wp\/v2\/posts\/6762\/revisions"}],"predecessor-version":[{"id":6763,"href":"https:\/\/ia.gl\/kl\/wp-json\/wp\/v2\/posts\/6762\/revisions\/6763"}],"wp:featuredmedia":[{"embeddable":true,"href":"https:\/\/ia.gl\/kl\/wp-json\/wp\/v2\/media\/461"}],"wp:attachment":[{"href":"https:\/\/ia.gl\/kl\/wp-json\/wp\/v2\/media?parent=6762"}],"wp:term":[{"taxonomy":"category","embeddable":true,"href":"https:\/\/ia.gl\/kl\/wp-json\/wp\/v2\/categories?post=6762"},{"taxonomy":"post_tag","embeddable":true,"href":"https:\/\/ia.gl\/kl\/wp-json\/wp\/v2\/tags?post=6762"}],"curies":[{"name":"wp","href":"https:\/\/api.w.org\/{rel}","templated":true}]}}