{"id":6716,"date":"2016-12-30T13:50:04","date_gmt":"2016-12-30T13:50:04","guid":{"rendered":"https:\/\/demo.ia.gl\/nye-skridt-i-gensidig-respekt\/"},"modified":"2024-07-14T20:46:13","modified_gmt":"2024-07-14T20:46:13","slug":"nye-skridt-i-gensidig-respekt","status":"publish","type":"post","link":"https:\/\/ia.gl\/kl\/nye-skridt-i-gensidig-respekt\/","title":{"rendered":"Nye skridt i gensidig respekt"},"content":{"rendered":"<p><em>2017: Inuit Ataqatigiits nyt\u00e5rsudtalelse<\/em><\/p>\n<p>Efter et m\u00f8rkt efter\u00e5r og en m\u00f8rk vinter bringer ullukinneq altid lyset tilbage og medbringer h\u00e5b for det nye \u00e5r. Vi h\u00e5ber, at alle familier har nydt gl\u00e6de, n\u00e6rhed og tryghed i midvinteren og i juledagene, og i det lys som kommer tilbage i denne tid.<\/p>\n<p><strong>Bedre omsorg for udsatte borgere<\/strong><\/p>\n<p>\u00c5r 2016 har v\u00e6ret et specielt \u00e5r for Inuit Ataqatigiit. Vi har igen taget medansvar for vort lands regeringsledelse. Det har vi gjort for at sikre den bedste og mest ansvarlige politiske omsorg for landet. At b\u00f8rn og b\u00f8rnefamilier i hele landet kan leve et trygt liv, er vigtigt for Inuit Ataqatigiit. Vi tror p\u00e5, at \u00f8get lighed bringer bedre velf\u00e6rd og \u00f8get deltagelse i samfundet med sig.<\/p>\n<p>I vores nyt\u00e5rsudtalelse for 2016 fremsatte vi et m\u00e5l om en \u00f8get indsats p\u00e5 socialomr\u00e5det. Vi er glade for, at vi i det forgangne \u00e5r har sikret dette og vi gl\u00e6der os til at forts\u00e6tte arbejdet i 2017. I det kommende \u00e5r vil vi bruge vores kr\u00e6fter p\u00e5 at sikre en bedre omsorg for \u00e6ldre og for borgere med handikap.<\/p>\n<p>Derfor har vi sat socialomr\u00e5det h\u00f8jt p\u00e5 dagsordenen i vores deltagelse i Naalakkersuisut. St\u00e6rke familier, lighed, at b\u00f8rn f\u00e5r en opv\u00e6kst uden un\u00f8dige barrierer og god adgang til uddannelse mener vi er vejen til vort lands selvst\u00e6ndighed. For Inuit Ataqatigiit kan en st\u00e6rk social indsats og vejen mod selvst\u00e6ndighed ikke adskilles. Det h\u00e6nger sammen.<\/p>\n<p><strong>Vi skal s\u00e6tte alt ind for sammenhold<\/strong><\/p>\n<p>Vi skal st\u00e5 sammen om det forberedende arbejde for selvst\u00e6ndighed. Et st\u00e6rkt f\u00e6llesskab som folk og som land opfinder ikke sig selv, det er noget vi i f\u00e6llesskab skal opbygge. For at opbygge dette er det n\u00f8dvendigt, at vi giver plads til hinandens forskelligheder og at vi har gensidig respekt. At sikre sammenhold er det vigtigste i vores kamp for selvst\u00e6ndighed og det er ogs\u00e5 her vores st\u00f8rste ansvar som naalakkersuisut ligger.<\/p>\n<p>Vi er n\u00f8dt til at forholde os til, at vi som et folk er f\u00e5 mennesker. Vi har brug for alle kr\u00e6fter. Vi skal ikke st\u00f8de vores medmennesker bort eller opildne til splittelse p\u00e5 baggrund af vores forskelligheder.<\/p>\n<p>I Inuit Ataqatigiit ser vi vores forskelligheder som en styrke. Respekt for medmennesket er helt centralt for f\u00e6llesskabet. Hos Inuit Ataqatigiit er vi lige s\u00e5 mangfoldige som vi er i samfundet generelt, men vores m\u00e5l er det samme: Et selvb\u00e6rende land med lighed blandt folk. Det handler om at v\u00e6re et land hvor alle kan vokse op i tryghed og med lige muligheder for uddannelse og livsvilk\u00e5r.<\/p>\n<p>For alle mennesker har ret til at v\u00e6re med i og til at f\u00e5 plads i f\u00e6llesskabet. Ansvaret ligger hos os alle.<\/p>\n<p><strong>Indholdsrige men respektfulde debatter<\/strong><\/p>\n<p>Tolerance, mangfoldighed og d\u00e9t, at vi som folk bruger vores kl\u00f8gt frem for vrede i fremme af vort arbejde ser vi som noget af det vigtigste. Vi skal med omhu v\u00e6lge hvad vi vil bruge vores kr\u00e6fter p\u00e5. Inuit Ataqatigiit vil opfordre til, at vi i s\u00e6rligt de internetbaserede debatfora, men ogs\u00e5 i andre fora, benytter et respektfuldt sprog, s\u00e6rligt for vores b\u00f8rn og unge som f\u00f8lger med. Vores ansvar over for dem er stort, ligesom hver enkelt af os har medansvar for at v\u00e6re med til at forme vort lands og samfunds fremtid.<\/p>\n<p>I Inuit Ataqatigiit accepterer vi ikke den debatform hvor nogen g\u00f8r sig til dommer over for, hvem der er rigtige gr\u00f8nl\u00e6ndere, eller p\u00e5st\u00e5r, at nogen ikke arbejder for vort lands interesser blot fordi de har en anden hudfarve. Den tone vil vi altid bek\u00e6mpe. At v\u00e6re gr\u00f8nlandsk er noget som er inden i os alle og som kan have alle mulige former. Vi har medborgere som er f\u00f8dt i andre lande, og som har for\u00e6ldre af anden etnisk herkomst, som ogs\u00e5 er gr\u00f8nl\u00e6ndere. Vi skal have plads til alle, vi har brug for alle kr\u00e6fter.<\/p>\n<p><strong>Grundlov med rettigheder for alle<\/strong><\/p>\n<p>Vi er i Inuit Ataqatigiit glade for, at Inatsisartut endelig har taget beslutning om, at 2017 skal v\u00e6re \u00e5ret hvor det grundlovsforberedende arbejde skal i gang. Siden stiftelsen af vores parti har dette v\u00e6ret et m\u00e5l for os. Vi skal have \u00e9t grundlovskompleks som skal tage udgangspunkt de grundl\u00e6ggende v\u00e6rdier vi har i vort land. Samtidig er det vigtigt, at vi f\u00e5r en frihed omkring arbejdet med vores grundlov, og at der ikke s\u00e6ttes forhindringer op. Det handler om, at vi grundl\u00e6ggende tager stilling til principper for brugen af vores levende og ikke-levende ressourcer, om vores brug af landomr\u00e5der og at vi f\u00e5r stadf\u00e6stet, at vi er et \u00e5bent og respektfuldt folk med plads til alle. En grundlov som tager udgangspunkt i, at alle har rettigheder.<\/p>\n<p>I dette vigtige arbejde for vores fremtid, som s\u00e6ttes i gang i 2017 m\u00e5 vi finde en forstyrket gensidig respekt. Jeg vil sl\u00e5 fast, at jeg som formand for Inuit Ataqatigiit ser det som afg\u00f8rende, at vi finder denne tolerance og gensidige respekt i arbejdet for vort lands fremtid. Tolerance og gensidig respekt skal v\u00e6re grundl\u00e6ggende i vores arbejde med vores kommende grundlov. Vi skal ikke splittes p\u00e5 vejen.<\/p>\n<p><strong>Et respekteret ansigt udadtil<\/strong><\/p>\n<p>Det st\u00e5r klart, at vi for at sikre gode handelsforbindelser og samarbejder med andre lande skal sikre gode relationer. \u00c6rlighed og et tillidsv\u00e6kkende arbejde er centrale for vores internationale samarbejde og for de nye relationer vi \u00f8nsker at opbygge. At lukke sig selv inde som land er ikke vejen frem for nogen. Globaliseringen og det at v\u00e6re en del af verden er kommet for at blive.<\/p>\n<p>For at v\u00e6re en del af den globaliserede verden er det vores opgave, at finde en respektfuld m\u00e5de at tydeligg\u00f8re vores m\u00e5l p\u00e5. Det kan vi g\u00f8re ved at g\u00f8re vores m\u00e5l klare, men det beh\u00f8ver ikke at v\u00e6re p\u00e5 bekostning af vores identitet. For at v\u00e6re en aktiv del af verdenssamfundet og oparbejde nye samarbejdspartnere skal vi sikre gode veje til samarbejde, ikke br\u00e6nde broer.<\/p>\n<p><strong>En bredere udenrigshandel<\/strong><\/p>\n<p>Eksport til andre lande og dermed indt\u00e6gter til vores \u00f8konomi er en grundl\u00e6ggende del af vores vej mod selvst\u00e6ndighed. Vores indt\u00e6gter fra eksport fra fiskeriet sikrer god indtjening til landskassen og vi \u00f8nsker at takke vores mange fiskere og arbejderne p\u00e5 fiskefabrikkerne. I l\u00f8fter et meget vigtigt arbejde for samfundet.<\/p>\n<p>Vi skal arbejde endnu h\u00e5rdere for en bredere funderet \u00f8konomi. Vi er fra Inuit Ataqatigiit glade for de r\u00e5stofprojekter som p\u00e5 det seneste er kommet et skridt n\u00e6rmere realisering. Men vi skal brede endnu mere ud for vi har mange v\u00e6rdifulde ressourcer, s\u00e6rligt p\u00e5 f\u00f8devareomr\u00e5det, som vi kan udnytte bedre end vi g\u00f8r i dag. F\u00f8rer vi en klog og b\u00e6redygtig forvaltning vil mulighederne v\u00e6re endnu flere. Ogs\u00e5 her skal vi sikre et \u00f8get fokus p\u00e5 nyt\u00e6nkning og iv\u00e6rks\u00e6tteri inden for erhvervsudviklingen, ogs\u00e5 i de enkelte kommuner, og sikre bedre forhold for vores private erhvervsdrivende. Men den st\u00f8rste ressource af dem alle er og bliver mennesket og den viden og kunnen vi mennesker har. Det er det der kommer til at l\u00f8fte vores samfund videre.<\/p>\n<p><strong>Vores b\u00f8rn er verdensborgere<\/strong><\/p>\n<p>Inuit Ataqatigiit finder det afg\u00f8rende, at vi l\u00e6rer vores b\u00f8rn og unge om betydningen af det, at v\u00e6re en del af verden. B\u00f8rn her i landet skal vokse op med en viden om, at de er ligev\u00e6rdige med b\u00f8rn fra resten af verden og at de har de samme muligheder som andre b\u00f8rn. Derfor skal alle b\u00f8rn og unge have mulighed for at l\u00e6re forskellige sprog. Vi skal styrke vores gr\u00f8nlandske sprog s\u00e5 alle har et st\u00e6rkt grundlag for at l\u00e6re andre sprog.<\/p>\n<p>Lad os ikke bruge vores kr\u00e6fter p\u00e5 at diskutere, hvilket af fremmedsprogene der skal v\u00e6re det vigtigste. Lad os hellere bruge vores kr\u00e6fter, som for\u00e6ldre, l\u00e6rere og ogs\u00e5 som politikere, til at opfordre til, at l\u00e6re forskellige sprog.<\/p>\n<p><strong>Flere skal have mulighed for uddannelse<\/strong><\/p>\n<p>Ud over muligheden for at l\u00e6re forskellige sprog vil Inuit Ataqatigiit i 2017 ogs\u00e5 arbejde for, at sikre flere mulighed for uddannelse. B\u00f8rn er lige s\u00e5 mangfoldige som vores samfund. Nogle har gode evner for det boglige, andre for det h\u00e5ndv\u00e6rksm\u00e6ssige. Nogle er kunstneriske og har flair for nyskabelse. Andre ved helt fra de er helt unge, at de \u00f8nsker at v\u00e6re erhvervsfiskere eller fangere i deres voksenliv. Alle b\u00f8rn, uanset forskellighed, er lige v\u00e6rd. Vi mener det er p\u00e5 tide, at vi mangfoldigg\u00f8r vores fokus p\u00e5 uddannelse.<\/p>\n<p>Fiskeriet er fortsat det \u00f8konomisk vigtigste erhverv. Fra Inuit Ataqatigiit har vi en vision om, at vi inden for f\u00f8devareomr\u00e5det skal udvikle uddannelsesmulighederne yderligere.<\/p>\n<p>Vi gl\u00e6der os til at arbejde for \u00f8gede muligheder inden for f\u00f8devareproduktion, for nyskabelse og iv\u00e6rks\u00e6tteri, ogs\u00e5 med de mindre projekter. Dette inkluderer ogs\u00e5 r\u00e5stofomr\u00e5det. Vi gl\u00e6der os til arbejdet som vi mener ogs\u00e5 handler om, at sikre en bedre brug af den viden vi har i landet i forvejen. Borgere her i landet skal have bedre mulighed for at benytte den uformelle viden vi har, og ogs\u00e5 bedre muligheder for videreuddannelse b\u00e5de lokalt og i udlandet. Det vil vi arbejde for politisk.<\/p>\n<p><strong>Bedre muligheder for samfundets udsatte<\/strong><\/p>\n<p>Et barn med handikap er f\u00f8rst og fremmest, som alle andre, et menneske. I 2017 kommer der en r\u00e6kke nye tiltag for personer med handikap. For Inuit Ataqatigiit er det vigtigt, at vi har \u00f8je for, at en person med handikap er en person som alle andre, med forskellige behov. Vi skal aldrig diskriminere vores medborgere med handikap og vi skal sikre en ny og mere \u00e5ben m\u00e5de at sikre inklusion af vores medborgere med handikap p\u00e5 i vores samfund.<\/p>\n<p>B\u00f8rn og unge med handikap har ogs\u00e5 ret til uddannelse og vi skal sikre gode adgangsforhold p\u00e5 alle uddannelsesinstitutioner i vores land. P\u00e5 samme m\u00e5de skal voksne med handikap have muligheden for at arbejde. Inuit Ataqatigiit vil i vores arbejde i Naalakkersuisut, Inatsisartut og i kommunerne arbejde for bedre forhold for vores samfunds udsatte, ikke mindst vil vi arbejde for, at flere f\u00f8ler sig som deltagere i samfundet.<\/p>\n<p>P\u00e5 samme m\u00e5de er det vigtigt for os, at p\u00e5tage os arbejdet med styrke indsatsen p\u00e5 sundhedsomr\u00e5det. Vi er glade for, at vi p\u00e5 vores landshospital nu endelig realiserer b\u00f8rneafsnittet. Herefter vil vi prioritere det psykiatriske afsnit og ikke mindst en styrkelse af behandlingen af de mange medborgere som rammes af den forf\u00e6rdelige sygdom kr\u00e6ft.<\/p>\n<p><strong>Lad de \u00e6ldre r\u00e5dgive os mere<\/strong><\/p>\n<p>I vores omsorg for landets \u00e6ldre vil deres forskellige behov og respekten for de \u00e6ldre fortsat v\u00e6re i h\u00f8js\u00e6det for os. Vi ser det helt n\u00f8dvendigt med mere \u00e6ldrevenligt boligbyggeri og ikke mindst med mere opdaterede alderdomshjem.<\/p>\n<p>Ikke mindst vil vi opfordre alle familier til i \u00f8get grad at have mere kontakt til familiens \u00e6ldre. Vores \u00e6ldre har altid viden at dele ud af og i vores travle hverdag skal vi huske, at vi altid kan hente r\u00e5d og n\u00e6rhed og styrke hos vores bedstefor\u00e6ldre, onkler og tanter. Lad os have mere kontakt til vore \u00e6ldre, og lad os i \u00f8get grad igen i kommunerne benytte os af \u00e6ldrer\u00e5d.<\/p>\n<p><strong>St\u00e6rke kommunale forvaltninger<\/strong><\/p>\n<p>Vi skal have styrket n\u00e6rdemokratiet. Her har vi peget p\u00e5 behovet for lokalr\u00e5d i kommunerne og \u00f8gede bef\u00f8jelser til bygdebestyrelserne. Dette skal vi arbejde videre for i 2017.<\/p>\n<p>I 2017 er der valg til kommunalbestyrelserne og til bygdebestyrelserne. Inuit Ataqatigiit er godt forberedte til at deltage i demokratiet ved at opstille mange gode kandidater ved valget i april. Der er store opgaver at l\u00f8fte i hver enkelt kommune og i bygderne. Erhvervsudvikling, bedre muligheder for erhvervsdrivende, en bedre socialforsorg, gode muligheder for b\u00f8rn og unge for sport i fritiden, og gode muligheder for musik- og kunstvirksomhed vil v\u00e6re del af vores m\u00e5l.<\/p>\n<p>Fra Inuit Ataqatigiit finder vi det afg\u00f8rende, at sikre en ansvarlig \u00f8konomistyring og politisk ledelse, samt gode og solide forvaltninger i kommunerne. Det er helt centralt for serviceringen af borgerne. Vi vil arbejde for en \u00e5ben og transparent forvaltning i hver enkelt kommune.<\/p>\n<p><strong>M\u00e5 2017 bringe f\u00e6llesskab og gensidig respekt<\/strong><\/p>\n<p>Vi gl\u00e6der os til i 2017, i en st\u00e6rk gensidig respektfuld \u00e5nd, at tage nye skridt for vort lands fremtid. Vi gl\u00e6der os til, sammen med befolkningen at forme vores f\u00e6lles fremtid og vi gl\u00e6der os til, at sikre flere af vores b\u00f8rn og unge h\u00e5b og muligheder for fremtiden.<\/p>\n<p>Inuit Ataqatigiit \u00f8nsker alle vores landsm\u00e6nd et godt nyt\u00e5r, m\u00e5 2017 bringe et godt helbred og gl\u00e6de for alle. Samtidig bringer vi vores h\u00e5b om \u00f8get fred i verden. Vi har s\u00e5 meget vi i f\u00e6llesskab skal l\u00f8fte, og st\u00e5r vi sammen n\u00e5r vi langt.<\/p>\n<p>&nbsp;<\/p>\n<p>Sara Olsvig<\/p>\n<p>Formand<\/p>\n<p>Inuit Ataqatigiit<\/p>\n<p>&nbsp;<\/p>\n<p>&nbsp;<\/p>\n","protected":false},"excerpt":{"rendered":"<p>2017: Inuit Ataqatigiits nyt\u00e5rsudtalelse Efter et m\u00f8rkt efter\u00e5r og en m\u00f8rk vinter bringer ullukinneq altid lyset tilbage og medbringer h\u00e5b for det nye \u00e5r. Vi h\u00e5ber, at alle familier har nydt gl\u00e6de, n\u00e6rhed og tryghed i midvinteren og i juledagene, og i det lys som kommer tilbage i denne tid. Bedre omsorg for udsatte borgere [&hellip;]<\/p>\n","protected":false},"author":1,"featured_media":461,"comment_status":"closed","ping_status":"closed","sticky":false,"template":"","format":"standard","meta":{"footnotes":""},"categories":[19],"tags":[],"class_list":["post-6716","post","type-post","status-publish","format-standard","has-post-thumbnail","hentry","category-seneste-nyheder-inuit-ataqatigiit"],"_links":{"self":[{"href":"https:\/\/ia.gl\/kl\/wp-json\/wp\/v2\/posts\/6716","targetHints":{"allow":["GET"]}}],"collection":[{"href":"https:\/\/ia.gl\/kl\/wp-json\/wp\/v2\/posts"}],"about":[{"href":"https:\/\/ia.gl\/kl\/wp-json\/wp\/v2\/types\/post"}],"author":[{"embeddable":true,"href":"https:\/\/ia.gl\/kl\/wp-json\/wp\/v2\/users\/1"}],"replies":[{"embeddable":true,"href":"https:\/\/ia.gl\/kl\/wp-json\/wp\/v2\/comments?post=6716"}],"version-history":[{"count":1,"href":"https:\/\/ia.gl\/kl\/wp-json\/wp\/v2\/posts\/6716\/revisions"}],"predecessor-version":[{"id":6717,"href":"https:\/\/ia.gl\/kl\/wp-json\/wp\/v2\/posts\/6716\/revisions\/6717"}],"wp:featuredmedia":[{"embeddable":true,"href":"https:\/\/ia.gl\/kl\/wp-json\/wp\/v2\/media\/461"}],"wp:attachment":[{"href":"https:\/\/ia.gl\/kl\/wp-json\/wp\/v2\/media?parent=6716"}],"wp:term":[{"taxonomy":"category","embeddable":true,"href":"https:\/\/ia.gl\/kl\/wp-json\/wp\/v2\/categories?post=6716"},{"taxonomy":"post_tag","embeddable":true,"href":"https:\/\/ia.gl\/kl\/wp-json\/wp\/v2\/tags?post=6716"}],"curies":[{"name":"wp","href":"https:\/\/api.w.org\/{rel}","templated":true}]}}