{"id":6704,"date":"2016-11-24T09:08:26","date_gmt":"2016-11-24T09:08:26","guid":{"rendered":"https:\/\/demo.ia.gl\/tuusi-75-sprudlende-aar\/"},"modified":"2024-07-14T20:46:13","modified_gmt":"2024-07-14T20:46:13","slug":"tuusi-75-sprudlende-aar","status":"publish","type":"post","link":"https:\/\/ia.gl\/kl\/tuusi-75-sprudlende-aar\/","title":{"rendered":"Tuusi \u2013 75 sprudlende \u00e5r"},"content":{"rendered":"<p>Et klogt, levende menneske med en st\u00e6rk \u00e5nd. Et menneske som s\u00e6tter kunstnerisk udfoldelse og nysgerrighed h\u00f8jt. Inuit Ataqatigiits tidligere formand Josef \u2019Tuusi\u2019 Motzfeldt fylder den 24. november 2016 75 \u00e5r.<\/p>\n<p>Tillykke Tuusi. Tillykke med alle de mange \u00e5r, hvor du har leveret kloghed, sprudlen og viljen til at forandre vores land. Du har gennem \u00e5rene givet vores parti en uvurderlig gave, og du har ikke s\u00e5 f\u00e5 gange givet samfundet et dybere tankespil.<\/p>\n<p>Vist har der v\u00e6ret sat gang i b\u00f8lgerne, ogs\u00e5 af n\u00f8dvendighed, af dig og omkring dig. Men altid med en dybere mening, og du har aldrig vendt dit jeg ryggen.<\/p>\n<p>Vi yngre generationer har meget at l\u00e6re af dig.<\/p>\n<p>Vi h\u00e5ber, at vi i kommende \u00e5r, ligesom vi har i de foreg\u00e5ende \u00e5r, fortsat vil beriges af din viden og sprudlende tankegang.<\/p>\n<p>Sara Olsvig<\/p>\n<p>Formand, Inuit Ataqatigiit<\/p>\n","protected":false},"excerpt":{"rendered":"<p>Et klogt, levende menneske med en st\u00e6rk \u00e5nd. Et menneske som s\u00e6tter kunstnerisk udfoldelse og nysgerrighed h\u00f8jt. Inuit Ataqatigiits tidligere formand Josef \u2019Tuusi\u2019 Motzfeldt fylder den 24. november 2016 75 \u00e5r. Tillykke Tuusi. Tillykke med alle de mange \u00e5r, hvor du har leveret kloghed, sprudlen og viljen til at forandre vores land. Du har gennem [&hellip;]<\/p>\n","protected":false},"author":1,"featured_media":461,"comment_status":"closed","ping_status":"closed","sticky":false,"template":"","format":"standard","meta":{"footnotes":""},"categories":[19],"tags":[],"class_list":["post-6704","post","type-post","status-publish","format-standard","has-post-thumbnail","hentry","category-seneste-nyheder-inuit-ataqatigiit"],"_links":{"self":[{"href":"https:\/\/ia.gl\/kl\/wp-json\/wp\/v2\/posts\/6704","targetHints":{"allow":["GET"]}}],"collection":[{"href":"https:\/\/ia.gl\/kl\/wp-json\/wp\/v2\/posts"}],"about":[{"href":"https:\/\/ia.gl\/kl\/wp-json\/wp\/v2\/types\/post"}],"author":[{"embeddable":true,"href":"https:\/\/ia.gl\/kl\/wp-json\/wp\/v2\/users\/1"}],"replies":[{"embeddable":true,"href":"https:\/\/ia.gl\/kl\/wp-json\/wp\/v2\/comments?post=6704"}],"version-history":[{"count":1,"href":"https:\/\/ia.gl\/kl\/wp-json\/wp\/v2\/posts\/6704\/revisions"}],"predecessor-version":[{"id":6705,"href":"https:\/\/ia.gl\/kl\/wp-json\/wp\/v2\/posts\/6704\/revisions\/6705"}],"wp:featuredmedia":[{"embeddable":true,"href":"https:\/\/ia.gl\/kl\/wp-json\/wp\/v2\/media\/461"}],"wp:attachment":[{"href":"https:\/\/ia.gl\/kl\/wp-json\/wp\/v2\/media?parent=6704"}],"wp:term":[{"taxonomy":"category","embeddable":true,"href":"https:\/\/ia.gl\/kl\/wp-json\/wp\/v2\/categories?post=6704"},{"taxonomy":"post_tag","embeddable":true,"href":"https:\/\/ia.gl\/kl\/wp-json\/wp\/v2\/tags?post=6704"}],"curies":[{"name":"wp","href":"https:\/\/api.w.org\/{rel}","templated":true}]}}