{"id":6696,"date":"2016-11-17T09:59:51","date_gmt":"2016-11-17T09:59:51","guid":{"rendered":"https:\/\/demo.ia.gl\/arbejdsliv-der-passer-til-familielivet\/"},"modified":"2024-07-14T20:46:12","modified_gmt":"2024-07-14T20:46:12","slug":"arbejdsliv-der-passer-til-familielivet","status":"publish","type":"post","link":"https:\/\/ia.gl\/kl\/arbejdsliv-der-passer-til-familielivet\/","title":{"rendered":"Arbejdsliv der passer til familielivet"},"content":{"rendered":"<p><em>St\u00e6rke l\u00f8nmodtagere samt arbejdsliv der passer ind til familiers liv er t\u00e6ttere nu! Inatsisartut har vedtaget at virksomhederne skal have et arbejdsmarkedspolitik!<\/em><\/p>\n<p>Inuit Ataqatigiit arbejder til stadighed for at styrke familierne og vi har igen vist dette ved dette\u00a0 forslag.<\/p>\n<p>Redeg\u00f8relsen om arbejdsmarkedspolitikken n\u00e6vnte klart, at det kan v\u00e6re h\u00e5rd at fastholde et job som for\u00e6ldre.<\/p>\n<p>Her er is\u00e6r forholdene omkring barselsorloven s\u00e6rligt vigtige og vi har efterlyst bedre forhold i gennem mange \u00e5r. N\u00e5r virksomhederne har god politik over medarbejderne og is\u00e6r medarbejdere med b\u00f8rn, s\u00e5 vil medarbejderne m\u00f8de op p\u00e5 deres arbejdspladser med energi og vilje, hvorved arbejdslysten vil stige.<\/p>\n<p>B\u00f8rnene vil vokse op i tryghed og med ressourcest\u00e6rke for\u00e6ldre, hvilket vil medf\u00f8re til, at de fremadrettet vil medvirke til at v\u00e6re til gavn for landet. Hvis vi gr\u00f8nl\u00e6ndere igen skal blive flere, s\u00e5 m\u00e5 vi som familier kunne fors\u00f8rge os selv og skal have gode levevilk\u00e5r. Derfor er vi glade for forslagets vedtagelse.<\/p>\n<p>&nbsp;<\/p>\n<p>Debora Kleist<\/p>\n<p>Inuit Ataqatigiit<\/p>\n","protected":false},"excerpt":{"rendered":"<p>St\u00e6rke l\u00f8nmodtagere samt arbejdsliv der passer ind til familiers liv er t\u00e6ttere nu! Inatsisartut har vedtaget at virksomhederne skal have et arbejdsmarkedspolitik! Inuit Ataqatigiit arbejder til stadighed for at styrke familierne og vi har igen vist dette ved dette\u00a0 forslag. Redeg\u00f8relsen om arbejdsmarkedspolitikken n\u00e6vnte klart, at det kan v\u00e6re h\u00e5rd at fastholde et job som [&hellip;]<\/p>\n","protected":false},"author":1,"featured_media":461,"comment_status":"closed","ping_status":"closed","sticky":false,"template":"","format":"standard","meta":{"footnotes":""},"categories":[19],"tags":[],"class_list":["post-6696","post","type-post","status-publish","format-standard","has-post-thumbnail","hentry","category-seneste-nyheder-inuit-ataqatigiit"],"_links":{"self":[{"href":"https:\/\/ia.gl\/kl\/wp-json\/wp\/v2\/posts\/6696","targetHints":{"allow":["GET"]}}],"collection":[{"href":"https:\/\/ia.gl\/kl\/wp-json\/wp\/v2\/posts"}],"about":[{"href":"https:\/\/ia.gl\/kl\/wp-json\/wp\/v2\/types\/post"}],"author":[{"embeddable":true,"href":"https:\/\/ia.gl\/kl\/wp-json\/wp\/v2\/users\/1"}],"replies":[{"embeddable":true,"href":"https:\/\/ia.gl\/kl\/wp-json\/wp\/v2\/comments?post=6696"}],"version-history":[{"count":1,"href":"https:\/\/ia.gl\/kl\/wp-json\/wp\/v2\/posts\/6696\/revisions"}],"predecessor-version":[{"id":6697,"href":"https:\/\/ia.gl\/kl\/wp-json\/wp\/v2\/posts\/6696\/revisions\/6697"}],"wp:featuredmedia":[{"embeddable":true,"href":"https:\/\/ia.gl\/kl\/wp-json\/wp\/v2\/media\/461"}],"wp:attachment":[{"href":"https:\/\/ia.gl\/kl\/wp-json\/wp\/v2\/media?parent=6696"}],"wp:term":[{"taxonomy":"category","embeddable":true,"href":"https:\/\/ia.gl\/kl\/wp-json\/wp\/v2\/categories?post=6696"},{"taxonomy":"post_tag","embeddable":true,"href":"https:\/\/ia.gl\/kl\/wp-json\/wp\/v2\/tags?post=6696"}],"curies":[{"name":"wp","href":"https:\/\/api.w.org\/{rel}","templated":true}]}}