{"id":6694,"date":"2016-11-15T14:00:18","date_gmt":"2016-11-15T14:00:18","guid":{"rendered":"https:\/\/demo.ia.gl\/fiskere-og-fangere-stort-tillykke\/"},"modified":"2024-07-14T20:46:12","modified_gmt":"2024-07-14T20:46:12","slug":"fiskere-og-fangere-stort-tillykke","status":"publish","type":"post","link":"https:\/\/ia.gl\/kl\/fiskere-og-fangere-stort-tillykke\/","title":{"rendered":"Fiskere og fangere \u2013 stort tillykke"},"content":{"rendered":"<p><em>I dag oplever i igen jeres m\u00e6rkedag, vi vil benytte dagen for at se p\u00e5 det forgangne \u00e5r, hvor vi som det f\u00f8rste kan bem\u00e6rke at der har v\u00e6ret en vigtig udvikling p\u00e5 grej og udstyr, som har haft stor forbedringer p\u00e5 erhvervet.<\/em><\/p>\n<p>I vil i det n\u00e6ste \u00e5r til jeres n\u00e6ste m\u00e6rkedag utvivlsom opleve mange ting, hvor vi kan v\u00e6re sikre p\u00e5, at mange med stolthed vil have fanget isbj\u00f8rne eller rensdyr. At i fiskere har oplevet opgangsperiode er ogs\u00e5 helt sikkert, idet det helt er sikkert at i med jeres joller har landsat mange fangster. Disse skyldes seri\u00f8se og ambiti\u00f8se erhvervsfolk. Vi kan helt sikkert blive enige om enige om, at gode resultater fra driften giver stolthed og styrke hos familien. Inuit Ataqatigiit deler gl\u00e6den over jeres resultater med jer i dag og er taknemmelige.<\/p>\n<p>Vi anser selvf\u00f8lgelig ikke at alting er g\u00e5et godt, lad alle vide at vi politisk hver dag arbejder for at forbedre forholdene i fiskeriet samt i fangerlivet. Fiskeriet stopper ved opfiskning af kvoter og dette medf\u00f8rer nedgang i erhvervets l\u00f8nsomhed, hvilket som bekendt rammer samfundet negativt.<\/p>\n<p>Solidaritet er en god ting, samarbejde og vores enhed som folk er kr\u00e6fter som vi har brug for. Fiskeriet er landets vigtigste erhverv, og fangst er vores kulturelle arv, som vi siden tidernes morgen har st\u00e5et sammen om.<\/p>\n<p><strong>Viden fra 2001 fra New Foundland som vi kan t\u00e6nke over<\/strong><\/p>\n<p>I 1994 blev torsken udryddet ved fiskebankerne. Dette var t\u00e6t p\u00e5 at medf\u00f8re kollaps p\u00e5 fiskernes \u00f8konomi. S\u00e5 kom \u00e6ndringerne, for man fandt ud af, at fisken gennem tiderne var blevet eksporteret til dumpingpriser.<\/p>\n<p>S\u00e5 s\u00f8satte man initiativer: Man har \u00f8get fiskemenuen i restaurenter, hjem m.v. Og det skete virkeligt! Selv om der ikke var samme antal fiskere som f\u00f8r, og selv om man kun fik 1\/20 i fangst, s\u00e5 fik fiskerne 8 gange s\u00e5 meget indtjening ved at de kunne afs\u00e6tte deres fangster direkte til restauranterne.<\/p>\n<p><strong>Vi er en del af den globale verden<\/strong><\/p>\n<p>Som f\u00f8lge af indf\u00f8relsen af selvstyret har er vort land blevet medlem af store internationale organisationer, og samarbejder med i mange udvalg der arbejder med natur og dyr. Man skal med fokus p\u00e5 hele det gr\u00f8nlandske samfund og med omtanke samt ved at s\u00e6tte kulturen h\u00f8jt samarbejde med disse.<\/p>\n<p>Her under jeres m\u00e6rkedag t\u00e6nker vi p\u00e5 jeres br\u00f8dre der er g\u00e5et bort, som er omkommet eller som er blevet ramt af ulykker og vil gerne udtrykke taknemmelighed over for dem og deres familier.<\/p>\n<p>Tillykke til jer \u00e6rede fiskere og fangere<\/p>\n<p>&nbsp;<\/p>\n<p>Hans Aronsen<\/p>\n<p>Inuit Ataqatigiit<\/p>\n","protected":false},"excerpt":{"rendered":"<p>I dag oplever i igen jeres m\u00e6rkedag, vi vil benytte dagen for at se p\u00e5 det forgangne \u00e5r, hvor vi som det f\u00f8rste kan bem\u00e6rke at der har v\u00e6ret en vigtig udvikling p\u00e5 grej og udstyr, som har haft stor forbedringer p\u00e5 erhvervet. I vil i det n\u00e6ste \u00e5r til jeres n\u00e6ste m\u00e6rkedag utvivlsom opleve [&hellip;]<\/p>\n","protected":false},"author":1,"featured_media":461,"comment_status":"closed","ping_status":"closed","sticky":false,"template":"","format":"standard","meta":{"footnotes":""},"categories":[19],"tags":[],"class_list":["post-6694","post","type-post","status-publish","format-standard","has-post-thumbnail","hentry","category-seneste-nyheder-inuit-ataqatigiit"],"_links":{"self":[{"href":"https:\/\/ia.gl\/kl\/wp-json\/wp\/v2\/posts\/6694","targetHints":{"allow":["GET"]}}],"collection":[{"href":"https:\/\/ia.gl\/kl\/wp-json\/wp\/v2\/posts"}],"about":[{"href":"https:\/\/ia.gl\/kl\/wp-json\/wp\/v2\/types\/post"}],"author":[{"embeddable":true,"href":"https:\/\/ia.gl\/kl\/wp-json\/wp\/v2\/users\/1"}],"replies":[{"embeddable":true,"href":"https:\/\/ia.gl\/kl\/wp-json\/wp\/v2\/comments?post=6694"}],"version-history":[{"count":1,"href":"https:\/\/ia.gl\/kl\/wp-json\/wp\/v2\/posts\/6694\/revisions"}],"predecessor-version":[{"id":6695,"href":"https:\/\/ia.gl\/kl\/wp-json\/wp\/v2\/posts\/6694\/revisions\/6695"}],"wp:featuredmedia":[{"embeddable":true,"href":"https:\/\/ia.gl\/kl\/wp-json\/wp\/v2\/media\/461"}],"wp:attachment":[{"href":"https:\/\/ia.gl\/kl\/wp-json\/wp\/v2\/media?parent=6694"}],"wp:term":[{"taxonomy":"category","embeddable":true,"href":"https:\/\/ia.gl\/kl\/wp-json\/wp\/v2\/categories?post=6694"},{"taxonomy":"post_tag","embeddable":true,"href":"https:\/\/ia.gl\/kl\/wp-json\/wp\/v2\/tags?post=6694"}],"curies":[{"name":"wp","href":"https:\/\/api.w.org\/{rel}","templated":true}]}}