{"id":6690,"date":"2016-11-08T11:50:03","date_gmt":"2016-11-08T11:50:03","guid":{"rendered":"https:\/\/demo.ia.gl\/sammenhold-mangfoldighed-og-baeredygtighed\/"},"modified":"2024-07-14T20:46:12","modified_gmt":"2024-07-14T20:46:12","slug":"sammenhold-mangfoldighed-og-baeredygtighed","status":"publish","type":"post","link":"https:\/\/ia.gl\/kl\/sammenhold-mangfoldighed-og-baeredygtighed\/","title":{"rendered":"Sammenhold, mangfoldighed og b\u00e6redygtighed"},"content":{"rendered":"<p><em>Inuit Ataqatigiit fylder 40 \u00e5r. Vores parti har siden vores r\u00f8dder blev plantet udviklet sig efter en klar, r\u00f8d og venstreorienteret \u00e5nd.<\/em><\/p>\n<p>40 \u00e5r er g\u00e5et siden Aasianni Inuit Ataqatigiit blev stiftet den 8. november 1976 som den f\u00f8rste lokalafdeling i partiet.<\/p>\n<p>Inuit Ataqatigiit har som et markant parti pr\u00e6get vort lands historie og udvikling. Vi har bev\u00e6get os fra en ungdoms- og gr\u00e6srodsbev\u00e6gelse i midt 70\u2019erne og protester ved Hjemmestyrets indf\u00f8rsel over, at hjemmestyreaftalen ikke var vidtg\u00e5ende nok, til deltagelse i koalitioner fra 1983 til i dag. Inuit Ataqatigiit sad med i spidsen ved forhandlingerne om Selvstyre og vi har i h\u00f8j grad v\u00e6ret medansvarlig for vores lands udvikling gennem 40 \u00e5r. Vi er vokset i antal lokalafdelinger, i antal folkevalgte til b\u00e5de kommunalbestyrelser, bygdebestyrelser og Inatsisartut, ligesom vi kontinuerligt har siddet i Folketinget med eget mandat siden 2001.<\/p>\n<p>Midt i alt dette er vores principper og politik gennem \u00e5rene altid udsprunget af de samme grundv\u00e6rdier.<\/p>\n<p><strong>Lighed<\/strong><\/p>\n<p>En gennemg\u00e5ende kamp for vores parti er at \u00f8ge ligheden. Lighed i en social og \u00f8konomisk forstand, men ogs\u00e5 i en \u00e5ndelig og kulturel forstand. Dette er en kamp som for os aldrig vil stoppe. Vi \u00f8nsker et b\u00e6redygtigt samfund f\u00f8r alt andet. Det handler om, at sikre mere lige vilk\u00e5r uanset bosted, lige vilk\u00e5r uanset h\u00e5rfarve eller herkomst. Om at alle b\u00f8rn vokser op i tryghed.<\/p>\n<p>Vi tror p\u00e5, at et samfund med mere lighed end det Gr\u00f8nland er i dag vil styrke vores land og sikre et mere b\u00e6redygtigt samfund. Vi arbejder derfor h\u00e5rdt for politisk at sikre tidlig indsats for b\u00f8rn og unge, st\u00e6rke familier, glade \u00e6ldre og en klar og tydelig indsats over for socialt udsatte medborgere.<\/p>\n<p><strong>Mangfoldighed<\/strong><\/p>\n<p>Inuit Ataqatigiits grundv\u00e6rdier handler ogs\u00e5 om mangfoldighed og respekt for forskellighed. Vi har til alle tider k\u00e6mpet for et samlet, nyskabende og selvb\u00e6rende folk med udgangspunkt i vores gr\u00f8nlandske kultur, og med en erkendelse af, at kultur er foranderlig.<\/p>\n<p>For os handler det om ligestilling mellem kvinder og m\u00e6nd, og om, at k\u00e6mpe for et samfund, hvor alle b\u00f8rn vokser op med en stolthed i maven over, at v\u00e6re dem de er uanset hvem de er. Piger og drenge som ikke tvivler over deres ligev\u00e6rd uanset k\u00f8n. Unge m\u00e6nd og kvinder som accepteres som de er og som gives plads til at udfolde sig mangfoldigt, uanset seksuel orientering, sprog eller etnisk baggrund. Dette er for os grundl\u00e6ggende v\u00e6rdier.<\/p>\n<p>Samtidig er vi kendetegnet ved en klar kulturpolitik, hvor vi dyrker det mangfoldige og kulturelle Gr\u00f8nland.\u00a0 Hvor det gr\u00f8nlandske sprog styrkes, b\u00e5de i skolealderen og p\u00e5 ungdomsuddannelserne, og hvor vores fokus er p\u00e5, at st\u00f8tte hinanden i sprogl\u00e6ringen. Med dette har vi altid uden diskrimination villet vise, at du og jeg er med i vores gr\u00f8nlandske kultur.<\/p>\n<p><strong>B\u00e6redygtighed<\/strong><\/p>\n<p>Samfundsm\u00e6ssig b\u00e6redygtighed med en menneskelig anst\u00e6ndighed og demokrati som centrale elementer er vores vej frem. I vores principprogram er b\u00e6redygtighed defineret ved et helhedssyn, som inkluderer milj\u00f8m\u00e6ssige, sociale, kulturelle og \u00f8konomiske hensyn.<\/p>\n<p>For os er der ingen tvivl. Brugen af vort lands ressourcer, levende som ikke-levende, skal v\u00e6re baseret p\u00e5 dette b\u00e6redygtighedsprincip. B\u00e6redygtighed m\u00e5 aldrig blive et tabubelagt emne, fordi b\u00e6redygtighed er f\u00e6lleseje.<\/p>\n<p>Det handler om en sikring af vores fremtid, af kommende generationer og om, at vi som land grundl\u00e6ggende tager ansvaret i egen h\u00e5nd. Det handler for Inuit Ataqatigiit om demokrati og god regeringsf\u00f8relse.<\/p>\n<p><strong>Globalt udsyn<\/strong><\/p>\n<p>Samfundsm\u00e6ssig b\u00e6redygtighed og et st\u00e6rkt f\u00e6llesskab indadtil i vort land er ogs\u00e5 det som sikrer den gode grobund for vores internationale udsyn. I alle \u00e5r har Inuit Ataqatigiit st\u00e5et i spidsen for beskyttelsen af menneskerettigheder, for en sikring af Gr\u00f8nlands interesser internationalt og for, at tage et globalt medansvar. Vi har turdet g\u00e5 forrest i klimadagsordenen og vi har v\u00e6ret med til at sikre, at Gr\u00f8nlands position som arktisk nation og international medspiller er st\u00e6rk.<\/p>\n<p>Det g\u00f8r vi fordi globalt medansvar sikrer lokal udvikling. Det er gennem vores internationale medspillere vi tiltr\u00e6kker investeringer og sikrer gode handelsrelationer. Det er ogs\u00e5 gennem det internationale udsyn vi i stigende grad sikrer v\u00e6kst og udvikling.<\/p>\n<p>Vi har k\u00e6mpet for en international anerkendelse af vores folk som et folk i henhold til folkeretten. Et folk med egen kultur og sprog, og med eget land, ressourcer og klare v\u00e6rdier. Vi har banet vejen og k\u00e6mper fortsat for, selv at tage ansvar.<\/p>\n<p><strong>Qujanaq<\/strong><\/p>\n<p>Inuit Ataqatigiit er klar til 40 \u00e5rs fortsat st\u00e6rkt politisk arbejde. Vi er klar til at sikre mere varme og n\u00e6rv\u00e6r i den sociale omsorg for alle b\u00f8rn, unge og \u00e6ldre, og vi er klar til fortsat at k\u00e6mpe for et st\u00e6rkt samfund som grundlag for en \u00f8get v\u00e6kst og b\u00e6redygtighed.<\/p>\n<p>Tak for alle 40 \u00e5r og til alle vi har samarbejdet med, alle som har deltaget, st\u00f8ttet op og k\u00e6mpet med. Vi gl\u00e6der os til fortsat at styrke sammenholdet.<\/p>\n<p>&nbsp;<\/p>\n<p>Sara Olsvig<\/p>\n<p>Formand<\/p>\n<p>Inuit Ataqatigiit<\/p>\n","protected":false},"excerpt":{"rendered":"<p>Inuit Ataqatigiit fylder 40 \u00e5r. Vores parti har siden vores r\u00f8dder blev plantet udviklet sig efter en klar, r\u00f8d og venstreorienteret \u00e5nd. 40 \u00e5r er g\u00e5et siden Aasianni Inuit Ataqatigiit blev stiftet den 8. november 1976 som den f\u00f8rste lokalafdeling i partiet. Inuit Ataqatigiit har som et markant parti pr\u00e6get vort lands historie og udvikling. [&hellip;]<\/p>\n","protected":false},"author":1,"featured_media":461,"comment_status":"closed","ping_status":"closed","sticky":false,"template":"","format":"standard","meta":{"footnotes":""},"categories":[19],"tags":[],"class_list":["post-6690","post","type-post","status-publish","format-standard","has-post-thumbnail","hentry","category-seneste-nyheder-inuit-ataqatigiit"],"_links":{"self":[{"href":"https:\/\/ia.gl\/kl\/wp-json\/wp\/v2\/posts\/6690","targetHints":{"allow":["GET"]}}],"collection":[{"href":"https:\/\/ia.gl\/kl\/wp-json\/wp\/v2\/posts"}],"about":[{"href":"https:\/\/ia.gl\/kl\/wp-json\/wp\/v2\/types\/post"}],"author":[{"embeddable":true,"href":"https:\/\/ia.gl\/kl\/wp-json\/wp\/v2\/users\/1"}],"replies":[{"embeddable":true,"href":"https:\/\/ia.gl\/kl\/wp-json\/wp\/v2\/comments?post=6690"}],"version-history":[{"count":1,"href":"https:\/\/ia.gl\/kl\/wp-json\/wp\/v2\/posts\/6690\/revisions"}],"predecessor-version":[{"id":6691,"href":"https:\/\/ia.gl\/kl\/wp-json\/wp\/v2\/posts\/6690\/revisions\/6691"}],"wp:featuredmedia":[{"embeddable":true,"href":"https:\/\/ia.gl\/kl\/wp-json\/wp\/v2\/media\/461"}],"wp:attachment":[{"href":"https:\/\/ia.gl\/kl\/wp-json\/wp\/v2\/media?parent=6690"}],"wp:term":[{"taxonomy":"category","embeddable":true,"href":"https:\/\/ia.gl\/kl\/wp-json\/wp\/v2\/categories?post=6690"},{"taxonomy":"post_tag","embeddable":true,"href":"https:\/\/ia.gl\/kl\/wp-json\/wp\/v2\/tags?post=6690"}],"curies":[{"name":"wp","href":"https:\/\/api.w.org\/{rel}","templated":true}]}}