{"id":6642,"date":"2016-10-03T08:05:53","date_gmt":"2016-10-03T08:05:53","guid":{"rendered":"https:\/\/demo.ia.gl\/lad-os-vaelge-et-liv-uden-vold-et-liv-med-samtaler\/"},"modified":"2024-07-14T20:46:11","modified_gmt":"2024-07-14T20:46:11","slug":"lad-os-vaelge-et-liv-uden-vold-et-liv-med-samtaler","status":"publish","type":"post","link":"https:\/\/ia.gl\/kl\/lad-os-vaelge-et-liv-uden-vold-et-liv-med-samtaler\/","title":{"rendered":"Lad os v\u00e6lge et liv uden vold, et liv med samtaler"},"content":{"rendered":"<p><strong>Lad os v\u00e6lge et liv uden vold, et liv med samtaler <\/strong><\/p>\n<p><em>2.oktober \u2013 FN\u2019s internationale dag for ikke vold minder os igen om hvor stor en styrke som evnen til at kunne tale sammen giver os. <\/em><\/p>\n<p>Vi opfordrer til at vi alle skal v\u00e6re og tage ansvar for at stoppe volden i forbindelse med FN\u2019s internationale dag for ikke vold.<\/p>\n<p>Vold er magtmisbrug og dette kan under ingen omst\u00e6ndigheder accepteres.<\/p>\n<p>Vold kan ske mod krop, sj\u00e6l, k\u00f8nsliv samt \u00f8konomisk.<\/p>\n<p>I familier hvor der ud\u00f8ves vold, er det ikke kun den forurettede det g\u00e5r ud over; ogs\u00e5 b\u00f8rn bliver alvorligt skadet. Dette g\u00e5r ud over b\u00f8rnenes opv\u00e6kst.<\/p>\n<p>Vi ved at vold i mange tilf\u00e6lde desv\u00e6rre udspringer af indtagelse af alkohol.<\/p>\n<p>Vi har som samfund alle ansvaret for at deltage i bek\u00e6mpelse af dette problem.<\/p>\n<p>Ved at tale bramfrit om dette, kan vi alle v\u00e6re med til at forebygge vold.<\/p>\n<p>Oplysning, forebyggelse skal v\u00e6re rammen om opbygning af v\u00e6rdier i samfundet.<\/p>\n<p>Lad os i f\u00e6llesskab arbejde for at vore b\u00f8rn kan f\u00e5 tryg opv\u00e6kst.<\/p>\n<p>Lad os finde sunde muligheder for at dem der uds\u00e6ttes for vold og voldsud\u00f8verne kan f\u00e5 gode muligheder for at komme ud af voldshelvedet.<\/p>\n<p>Lad os f\u00e5 en god og tryg dag den 2. oktober<\/p>\n<p>&nbsp;<\/p>\n<p>Medlem af Inatsisartut, Debora Kleist, Inuit Ataqatigiit<\/p>\n<p>&nbsp;<\/p>\n<p>&nbsp;<\/p>\n","protected":false},"excerpt":{"rendered":"<p>Lad os v\u00e6lge et liv uden vold, et liv med samtaler 2.oktober \u2013 FN\u2019s internationale dag for ikke vold minder os igen om hvor stor en styrke som evnen til at kunne tale sammen giver os. Vi opfordrer til at vi alle skal v\u00e6re og tage ansvar for at stoppe volden i forbindelse med FN\u2019s [&hellip;]<\/p>\n","protected":false},"author":1,"featured_media":461,"comment_status":"closed","ping_status":"closed","sticky":false,"template":"","format":"standard","meta":{"footnotes":""},"categories":[19],"tags":[],"class_list":["post-6642","post","type-post","status-publish","format-standard","has-post-thumbnail","hentry","category-seneste-nyheder-inuit-ataqatigiit"],"_links":{"self":[{"href":"https:\/\/ia.gl\/kl\/wp-json\/wp\/v2\/posts\/6642","targetHints":{"allow":["GET"]}}],"collection":[{"href":"https:\/\/ia.gl\/kl\/wp-json\/wp\/v2\/posts"}],"about":[{"href":"https:\/\/ia.gl\/kl\/wp-json\/wp\/v2\/types\/post"}],"author":[{"embeddable":true,"href":"https:\/\/ia.gl\/kl\/wp-json\/wp\/v2\/users\/1"}],"replies":[{"embeddable":true,"href":"https:\/\/ia.gl\/kl\/wp-json\/wp\/v2\/comments?post=6642"}],"version-history":[{"count":1,"href":"https:\/\/ia.gl\/kl\/wp-json\/wp\/v2\/posts\/6642\/revisions"}],"predecessor-version":[{"id":6643,"href":"https:\/\/ia.gl\/kl\/wp-json\/wp\/v2\/posts\/6642\/revisions\/6643"}],"wp:featuredmedia":[{"embeddable":true,"href":"https:\/\/ia.gl\/kl\/wp-json\/wp\/v2\/media\/461"}],"wp:attachment":[{"href":"https:\/\/ia.gl\/kl\/wp-json\/wp\/v2\/media?parent=6642"}],"wp:term":[{"taxonomy":"category","embeddable":true,"href":"https:\/\/ia.gl\/kl\/wp-json\/wp\/v2\/categories?post=6642"},{"taxonomy":"post_tag","embeddable":true,"href":"https:\/\/ia.gl\/kl\/wp-json\/wp\/v2\/tags?post=6642"}],"curies":[{"name":"wp","href":"https:\/\/api.w.org\/{rel}","templated":true}]}}