{"id":6622,"date":"2016-09-17T16:59:43","date_gmt":"2016-09-17T16:59:43","guid":{"rendered":"https:\/\/demo.ia.gl\/nye-ansigter-nye-kraefter\/"},"modified":"2024-07-14T20:46:10","modified_gmt":"2024-07-14T20:46:10","slug":"nye-ansigter-nye-kraefter","status":"publish","type":"post","link":"https:\/\/ia.gl\/kl\/nye-ansigter-nye-kraefter\/","title":{"rendered":"Nye ansigter, nye kr\u00e6fter"},"content":{"rendered":"<p><span style=\"color: #000000; font-family: verdana; font-size: small;\">Nu er efter\u00e5rssamlingen skudt i gang for Inatsisartut. Denne samling byder p\u00e5 forandring i sekretariatet og \u00e6ndring p\u00e5 to Inatsisartut medlemmer hos Inuit Ataqatigiit, samt et gruppeformands skift.<\/span><\/p>\n<p><span style=\"color: #000000; font-family: verdana; font-size: small;\">\u201dJeg v\u00e5gnede meget tidligt, det m\u00e5 nok skyldes at jeg gl\u00e6dede mig og var sp\u00e6ndt\u201d siger Kelly Berthelsen, Kullak bl.a lige f\u00f8r han blev budt velkommen til sit Inatsisartut s\u00e6de. Han er kommet som stedfortr\u00e6der for Hans Aronsen som er p\u00e5 orlov. Kelly er fra Ammassivik og bor nu i Qaqortoq, han er forfatter og er interesseret i r\u00e5stofpolitik samt alkoholpolitik. I fritiden underholder han folk med sin guitar og synger.<\/span><\/p>\n<p><span style=\"color: #000000; font-family: verdana; font-size: small;\">Efter Naaja H. Nathanielsens exit tr\u00e6der Debora Kleist, Tippu ind, som har erfaring som Inatsisartut medlem. Debora er fra Nanortalik og bor nu i Qaqortoq og kendes i Sydgr\u00f8nland for sin interesse og det arbejde hun har udf\u00f8rt. Hun er interesseret i uddannelsespolitik samt i det sociale omr\u00e5de.<\/span><\/p>\n<p><span style=\"color: #000000; font-family: verdana; font-size: small;\">Vi byder Kelly Berthelsen og Debora Kleist velkommen og vi gl\u00e6der os til samarbejdet og vi er ikke i tvivl om at deres ekspertise i deres eget felt vil gavne gruppen.<\/span><\/p>\n<p><span style=\"color: #000000; font-family: verdana; font-size: small;\">Til sidst kan vi nu ogs\u00e5 meddele at formanden for Inuit Ataqatigiits Inatsisartut gruppe Peter P. Olsen stopper efter planen som gruppeformand, efter at have siddet halvdelen af valgperioden og videregiver posten. Vi siger tak til Peter som har gjort et godt arbejde. Dermed kan vi med gl\u00e6de sige at Mimi Karlsen nu tr\u00e6der ind som gruppeformand. Hendes store erfaring og viden samt hendes rolige personlighed vil uden tvivl styrke gruppen.<\/span><\/p>\n<p><span style=\"color: #000000; font-family: verdana; font-size: small;\">Nyt periode i forsamlingen, nye ansigter og kr\u00e6fter samt et nyt gruppeledelse. Men med et uforandret politisk m\u00e5l og med et stort vilje vil vi byde det nye efter\u00e5rssamling velkommen.<\/span><\/p>\n<p><span style=\"color: #000000; font-family: verdana; font-size: small;\">\u00a0<\/span><\/p>\n<p><span style=\"color: #000000; font-family: verdana; font-size: small;\">Inuit Ataqatigiit<\/span><\/p>\n","protected":false},"excerpt":{"rendered":"<p>Nu er efter\u00e5rssamlingen skudt i gang for Inatsisartut. Denne samling byder p\u00e5 forandring i sekretariatet og \u00e6ndring p\u00e5 to Inatsisartut medlemmer hos Inuit Ataqatigiit, samt et gruppeformands skift. \u201dJeg v\u00e5gnede meget tidligt, det m\u00e5 nok skyldes at jeg gl\u00e6dede mig og var sp\u00e6ndt\u201d siger Kelly Berthelsen, Kullak bl.a lige f\u00f8r han blev budt velkommen til [&hellip;]<\/p>\n","protected":false},"author":1,"featured_media":461,"comment_status":"closed","ping_status":"closed","sticky":false,"template":"","format":"standard","meta":{"footnotes":""},"categories":[19],"tags":[],"class_list":["post-6622","post","type-post","status-publish","format-standard","has-post-thumbnail","hentry","category-seneste-nyheder-inuit-ataqatigiit"],"_links":{"self":[{"href":"https:\/\/ia.gl\/kl\/wp-json\/wp\/v2\/posts\/6622","targetHints":{"allow":["GET"]}}],"collection":[{"href":"https:\/\/ia.gl\/kl\/wp-json\/wp\/v2\/posts"}],"about":[{"href":"https:\/\/ia.gl\/kl\/wp-json\/wp\/v2\/types\/post"}],"author":[{"embeddable":true,"href":"https:\/\/ia.gl\/kl\/wp-json\/wp\/v2\/users\/1"}],"replies":[{"embeddable":true,"href":"https:\/\/ia.gl\/kl\/wp-json\/wp\/v2\/comments?post=6622"}],"version-history":[{"count":1,"href":"https:\/\/ia.gl\/kl\/wp-json\/wp\/v2\/posts\/6622\/revisions"}],"predecessor-version":[{"id":6623,"href":"https:\/\/ia.gl\/kl\/wp-json\/wp\/v2\/posts\/6622\/revisions\/6623"}],"wp:featuredmedia":[{"embeddable":true,"href":"https:\/\/ia.gl\/kl\/wp-json\/wp\/v2\/media\/461"}],"wp:attachment":[{"href":"https:\/\/ia.gl\/kl\/wp-json\/wp\/v2\/media?parent=6622"}],"wp:term":[{"taxonomy":"category","embeddable":true,"href":"https:\/\/ia.gl\/kl\/wp-json\/wp\/v2\/categories?post=6622"},{"taxonomy":"post_tag","embeddable":true,"href":"https:\/\/ia.gl\/kl\/wp-json\/wp\/v2\/tags?post=6622"}],"curies":[{"name":"wp","href":"https:\/\/api.w.org\/{rel}","templated":true}]}}