{"id":6482,"date":"2016-02-21T13:57:50","date_gmt":"2016-02-21T13:57:50","guid":{"rendered":"https:\/\/demo.ia.gl\/inuit-ataqatigiits-udtalelse-paa-modersmaalsdagen\/"},"modified":"2024-07-14T20:46:06","modified_gmt":"2024-07-14T20:46:06","slug":"inuit-ataqatigiits-udtalelse-paa-modersmaalsdagen","status":"publish","type":"post","link":"https:\/\/ia.gl\/kl\/inuit-ataqatigiits-udtalelse-paa-modersmaalsdagen\/","title":{"rendered":"Inuit Ataqatigiit`s udtalelse p\u00e5 Modersm\u00e5lsdagen"},"content":{"rendered":"<p>Det er idag vi fejrer Modersm\u00e5lsdagen. Dagen hvor vi p\u00e5 hver sin m\u00e5de viser gl\u00e6de, viser respekt, \u00f8nsker styrkelse af vores egne modersm\u00e5l.<\/p>\n<p>At dyrke, respektere og udvikle sit modersm\u00e5l beh\u00f8ver ikke at betyde at man ikke respekterer andres modersm\u00e5l, men at man v\u00e6rds\u00e6tter at andre har deres modersm\u00e5l.<\/p>\n<p>Jeg vil idag prise alle som p\u00e5 deres m\u00e5de har v\u00e6ret med til at udvikle vores modersm\u00e5l, gr\u00f8nlandsk. Det er enten forfattere, debatt\u00f8rer, digtere, foredragsholdere, rappere, eller ogs\u00e5 dem der bare bruger vores modersm\u00e5l.<\/p>\n<p>Modersm\u00e5lsbrugeren viser os, at det gr\u00f8nlandske sprog kan alt, for han kan alt med det gr\u00f8nlandske sprog. Modersm\u00e5lsbrugeren styrker sproget. Han udvikler sproget. Vi l\u00e5ner alle sammen ord og udtryk fra andre sprog og kulturer. Modersm\u00e5lsbrugeren kan l\u00e5ne en hel genre og gr\u00f8nlandisere den. Han spreder sproggl\u00e6de ved at lege med det gr\u00f8nlandske sprog. Han giver det gr\u00f8nlandske sprog h\u00f8jstatus i den gr\u00f8nlandske kultur. Sproggl\u00e6den smitter. Derfor s\u00e6tter jeg pris p\u00e5 alle modersm\u00e5lsbrugere.<\/p>\n<p>M\u00e5 sproggl\u00e6den v\u00e6re for alle, for p\u00e5 den m\u00e5de sikrer vi dens udvikling og styrkelse.<\/p>\n<p>Jeg \u00f8nsker alle med forskellige modersm\u00e5l en god Modersm\u00e5lsdag.<\/p>\n<p>Mimi Karlsen<\/p>\n","protected":false},"excerpt":{"rendered":"<p>Det er idag vi fejrer Modersm\u00e5lsdagen. Dagen hvor vi p\u00e5 hver sin m\u00e5de viser gl\u00e6de, viser respekt, \u00f8nsker styrkelse af vores egne modersm\u00e5l. At dyrke, respektere og udvikle sit modersm\u00e5l beh\u00f8ver ikke at betyde at man ikke respekterer andres modersm\u00e5l, men at man v\u00e6rds\u00e6tter at andre har deres modersm\u00e5l. Jeg vil idag prise alle som [&hellip;]<\/p>\n","protected":false},"author":1,"featured_media":461,"comment_status":"closed","ping_status":"closed","sticky":false,"template":"","format":"standard","meta":{"footnotes":""},"categories":[19],"tags":[],"class_list":["post-6482","post","type-post","status-publish","format-standard","has-post-thumbnail","hentry","category-seneste-nyheder-inuit-ataqatigiit"],"_links":{"self":[{"href":"https:\/\/ia.gl\/kl\/wp-json\/wp\/v2\/posts\/6482","targetHints":{"allow":["GET"]}}],"collection":[{"href":"https:\/\/ia.gl\/kl\/wp-json\/wp\/v2\/posts"}],"about":[{"href":"https:\/\/ia.gl\/kl\/wp-json\/wp\/v2\/types\/post"}],"author":[{"embeddable":true,"href":"https:\/\/ia.gl\/kl\/wp-json\/wp\/v2\/users\/1"}],"replies":[{"embeddable":true,"href":"https:\/\/ia.gl\/kl\/wp-json\/wp\/v2\/comments?post=6482"}],"version-history":[{"count":1,"href":"https:\/\/ia.gl\/kl\/wp-json\/wp\/v2\/posts\/6482\/revisions"}],"predecessor-version":[{"id":6483,"href":"https:\/\/ia.gl\/kl\/wp-json\/wp\/v2\/posts\/6482\/revisions\/6483"}],"wp:featuredmedia":[{"embeddable":true,"href":"https:\/\/ia.gl\/kl\/wp-json\/wp\/v2\/media\/461"}],"wp:attachment":[{"href":"https:\/\/ia.gl\/kl\/wp-json\/wp\/v2\/media?parent=6482"}],"wp:term":[{"taxonomy":"category","embeddable":true,"href":"https:\/\/ia.gl\/kl\/wp-json\/wp\/v2\/categories?post=6482"},{"taxonomy":"post_tag","embeddable":true,"href":"https:\/\/ia.gl\/kl\/wp-json\/wp\/v2\/tags?post=6482"}],"curies":[{"name":"wp","href":"https:\/\/api.w.org\/{rel}","templated":true}]}}