{"id":6456,"date":"2015-12-18T10:29:29","date_gmt":"2015-12-18T10:29:29","guid":{"rendered":"https:\/\/demo.ia.gl\/faelles-maal-og-sammenhaengskraft\/"},"modified":"2024-07-14T20:46:04","modified_gmt":"2024-07-14T20:46:04","slug":"faelles-maal-og-sammenhaengskraft","status":"publish","type":"post","link":"https:\/\/ia.gl\/kl\/faelles-maal-og-sammenhaengskraft\/","title":{"rendered":"F\u00e6lles m\u00e5l og sammenh\u00e6ngskraft"},"content":{"rendered":"<p>Vi er et \u00e5r inde i en valgperiode som er afg\u00f8rende for Gr\u00f8nlands fremtid. Det er nu der skal rettes op og det er nu vi l\u00e6gger sporet for virkeligg\u00f8relsen af det selvstyre vi har indf\u00f8rt. For Inuit Ataqatigiit handler det om, at vi f\u00e5r draget omsorg for samfundet og f\u00e5r bygget op nedefra. Der skal sikres \u00f8get lighed i de sociale vilk\u00e5r i vores land. Det sker ikke automatisk ved at forl\u00e6nge lufthavne eller ved at flytte anl\u00e6gsopgaver. Det sker f\u00f8rst n\u00e5r vi som samfund har taget et opg\u00f8r med uligheden, som fortsat er stigende. Vi skal have opbygget de f\u00e6lles m\u00e5l og den sammenh\u00e6ngskraft, som regeringsf\u00f8relsen i dette f\u00f8rste \u00e5r af valgperioden har manglet.<\/p>\n<p><strong>Socialomr\u00e5det skal i fokus<\/strong><\/p>\n<p>Under \u00e5bningsdebatten i Inatsisartut i september m\u00e5ned fremlagde vi derfor fra Inuit Ataqatigiit fire s\u00f8jler for samfundsv\u00e6rdier, som vi \u00f8nsker at bygge videre p\u00e5 i de kommende \u00e5r. I \u00e5rtier har man talt om de fire erhvervss\u00f8jler. Men for at vores erhverv og \u00f8konomi kan udvikle sig markant, er vi ogs\u00e5 n\u00f8dt til at sikre at vi er et st\u00e6rkt samfund. Vores fire s\u00f8jler for samfundsv\u00e6rdier er Social omsorg, Viljen til uddannelse, Demokrati og Solidaritet.<\/p>\n<p>Det er vores opfattelse, at et st\u00e6rkt samfund kendetegnes ved social lighed. Vi \u00f8nsker, at b\u00e5de Inatsisartut og kommunerne s\u00e6tter ekstra fokus p\u00e5 socialomr\u00e5det i de kommende \u00e5r. Vi er ved en skillevej, hvor vi skal v\u00e6lge om vi \u00f8nsker at sikre, at alle i samfundet er med, eller om vi skal tillade at den \u00f8gede ulighed forts\u00e6tter. Inuit Ataqatigiits valg er klart. Alle skal med og vi skal de mange omsorgssvigt af b\u00f8rn til livs. Vi skal tage et opg\u00f8r med den sociale ulighed og uligheden generelt.<\/p>\n<p><strong>Viljen til uddannelse er n\u00f8glen<\/strong><\/p>\n<p>Uddannelse er fortsat det andet n\u00f8dvendige indsatsomr\u00e5de. Vi er glade for, at ledighedstallene er for nedadg\u00e5ende, men vi bider ogs\u00e5 m\u00e6rke i, at andelen af ufagl\u00e6rte blandt de ledige er blevet h\u00f8jere. Det er en sammenh\u00e6ngende uddannelses- og social indsats der mangler for virkelig at f\u00e5 gjort op med ledigheden. Der er sket meget p\u00e5 uddannelsesomr\u00e5det i de seneste \u00e5rtier, men der skal ske endnu mere. Vi \u00f8nsker, at viljen til uddannelse skal udbredes, b\u00e5de blandt b\u00f8rn, unge og voksne. Det er aldrig for sent og det er en f\u00e6lles opgave at opmuntre til uddannelse.<\/p>\n<p><strong>Demokrati skal bygges op indefra<\/strong><\/p>\n<p>Vi skal arbejde intensivt for, at vi p\u00e5 ny sikrer et st\u00e6rkt n\u00e6rdemokrati. Vi ser frem til at h\u00f8re om de erfaringer Kommuneqarfik Sermersooq f\u00e5r med lokalr\u00e5d og vi \u00f8nsker, at vi i hele landet g\u00e5r sammen om at finde de bedste systemer og metoder for god borgerinddragelse ved store og sm\u00e5 beslutninger. Vi mener ogs\u00e5, at vi med Selvstyrets indf\u00f8rsel har givet os selv en stor og vigtig opgave i form af muligheden for at p\u00e5begynde det forfatningsforberedende arbejde. For Inuit Ataqatigiit handler dette om demokrati. Det handler om, at vi som samfund s\u00e6tter os sammen og udarbejder de grundl\u00e6ggende v\u00e6rdier vi \u00f8nsker for vores demokrati. Det er en sv\u00e6r men vigtig opgave, og det er afg\u00f8rende, at alle er med i denne proces. Derfor har vi store forventninger til det forest\u00e5ende arbejde og vi er stolte over tilslutningen til vores genfremstilling af forslaget om at neds\u00e6tte en grundlovskommission.<\/p>\n<p><strong>Vi skal selv tage fat<\/strong><\/p>\n<p>Fra Inuit Ataqatigiit havde vi p\u00e5 efter\u00e5rssamlingen ogs\u00e5 et st\u00e6rkt fokus p\u00e5 de opgaver der ligger i selvstyreaftalen. Vi fremlagde derfor ud over grundlovsarbejdet et beslutningsforslag om de praktiske forhold omkring hjemtagelse af sagsomr\u00e5der. Vi efterlyser, at vi fra Gr\u00f8nland har en tydelig plan for, hvad vi vil med de mange sagsomr\u00e5der som fortsat er p\u00e5 danske h\u00e6nder. Det er vores retsv\u00e6sen, vores politi og vores familieret. Vores bygder der har brug for kommunefogeder. Vi skal ikke bare vente p\u00e5, at sagerne tages op i Folketinget, men selv tage fat og formulere klare krav.<\/p>\n<p><strong>Solidaritet er afg\u00f8rende<\/strong><\/p>\n<p>En central v\u00e6rdi vi \u00f8nsker dette samfund skal baseres p\u00e5 er solidaritet. I et land, hvor vi bor s\u00e5 spredt og hvor levevilk\u00e5rene er s\u00e5 forskellige er solidaritet grundl\u00e6ggende for at sikre, at der er mere lige muligheder og mere lige vilk\u00e5r. Derfor skal solidaritet v\u00e6re en grundl\u00e6ggende v\u00e6rdi i den m\u00e5de vi opbygger samfundet p\u00e5. Det handler ikke kun om udligning mellem kommunerne. Det handler ogs\u00e5 om, hvordan vi udvikler de selvstyreejede selskaber, hvilke rammer vi s\u00e6tter for uddannelsesomr\u00e5det og for det private erhvervsliv og ikke mindst, hvordan vi reformerer social-, bolig- og skatteomr\u00e5det.<\/p>\n<p>Inatsisartut har nu v\u00e6ret igennem dette \u00e5rs to samlinger. For\u00e5rssamlingen bar pr\u00e6g af nyligt regeringsskifte og et forsinket finanslovsarbejde mens efter\u00e5rssamlingen b\u00f8d p\u00e5 en rodet finanslovsproces og flade reformdebatter.<\/p>\n<p><strong>Gennemt\u00e6nkte reformer<\/strong><\/p>\n<p>Fra Inuit Ataqatigiit ville vi gerne have set, at der blev taget hul p\u00e5 de helt store reformer som netop kan v\u00e6re med til rette op p\u00e5 uligheden i samfundet. Vi stemte imod de to pensionsreformer, som vi ikke mener, var gennemt\u00e6nkte, dels fordi de s\u00e6ttes i gang uden at kommunerne og samfundet er klar, dels fordi de rammer sk\u00e6vt.<\/p>\n<p>Reformer skal ikke bare v\u00e6re en \u00f8velse som g\u00e5r ud p\u00e5 at finde penge til landskassen. Vist skal der spares og rettes op p\u00e5 \u00f8konomien. Men hvis reformerne i sidste ende baner vejen for h\u00e5rdere vilk\u00e5r for de mest udsatte i samfundet er vi lige vidt. Derfor efterlyser vi klare politiske m\u00e5ls\u00e6tninger om, hvad reformerne skal b\u00e6re med sig samfundsm\u00e6ssigt. For Inuit Ataqatigiit er der ingen tvivl. Kunsten ved reformarbejdet bliver at sikre bedre vilk\u00e5r for de h\u00e5rdest ramte i samfundet. Det er det vi vil have fokus p\u00e5.<\/p>\n<p><strong>Tid til at rette op<\/strong><\/p>\n<p>Gr\u00f8nland gennemg\u00e5r en politisk turbulent tid. Der er ingen tvivl om, at landet har brug for en rolig og stabil periode. Vi skal have rettet op p\u00e5 \u00f8konomien, skabt \u00f8get lighed, have flere i uddannelse og sikret et st\u00e6rkt demokrati s\u00e5 alle har mulighed for at tage direkte del i udviklingen. Inuit Ataqatigiit st\u00e5r klar til at tage medansvar. Men det kr\u00e6ver, at vi indkaldes til forhandlinger tidligt og at vi m\u00f8der en reel vilje til samarbejde. Det kr\u00e6ver ogs\u00e5, at vi p\u00e5 tv\u00e6rs af politiske fl\u00f8je er i stand til at formulere f\u00e6lles m\u00e5l for vores fremtid. Der skal sikres sammenh\u00e6ngskraften i arbejdet.<\/p>\n<p>Vi ser frem til det nye \u00e5r og til det kommende arbejde og vi \u00f8nsker alle en gl\u00e6delig og fredelig juletid.<\/p>\n<p>Sara Olsvig<\/p>\n<p>Formand, Inuit Ataqatigiit<\/p>\n","protected":false},"excerpt":{"rendered":"<p>Vi er et \u00e5r inde i en valgperiode som er afg\u00f8rende for Gr\u00f8nlands fremtid. Det er nu der skal rettes op og det er nu vi l\u00e6gger sporet for virkeligg\u00f8relsen af det selvstyre vi har indf\u00f8rt. For Inuit Ataqatigiit handler det om, at vi f\u00e5r draget omsorg for samfundet og f\u00e5r bygget op nedefra. Der [&hellip;]<\/p>\n","protected":false},"author":1,"featured_media":461,"comment_status":"closed","ping_status":"closed","sticky":false,"template":"","format":"standard","meta":{"footnotes":""},"categories":[19],"tags":[],"class_list":["post-6456","post","type-post","status-publish","format-standard","has-post-thumbnail","hentry","category-seneste-nyheder-inuit-ataqatigiit"],"_links":{"self":[{"href":"https:\/\/ia.gl\/kl\/wp-json\/wp\/v2\/posts\/6456","targetHints":{"allow":["GET"]}}],"collection":[{"href":"https:\/\/ia.gl\/kl\/wp-json\/wp\/v2\/posts"}],"about":[{"href":"https:\/\/ia.gl\/kl\/wp-json\/wp\/v2\/types\/post"}],"author":[{"embeddable":true,"href":"https:\/\/ia.gl\/kl\/wp-json\/wp\/v2\/users\/1"}],"replies":[{"embeddable":true,"href":"https:\/\/ia.gl\/kl\/wp-json\/wp\/v2\/comments?post=6456"}],"version-history":[{"count":1,"href":"https:\/\/ia.gl\/kl\/wp-json\/wp\/v2\/posts\/6456\/revisions"}],"predecessor-version":[{"id":6457,"href":"https:\/\/ia.gl\/kl\/wp-json\/wp\/v2\/posts\/6456\/revisions\/6457"}],"wp:featuredmedia":[{"embeddable":true,"href":"https:\/\/ia.gl\/kl\/wp-json\/wp\/v2\/media\/461"}],"wp:attachment":[{"href":"https:\/\/ia.gl\/kl\/wp-json\/wp\/v2\/media?parent=6456"}],"wp:term":[{"taxonomy":"category","embeddable":true,"href":"https:\/\/ia.gl\/kl\/wp-json\/wp\/v2\/categories?post=6456"},{"taxonomy":"post_tag","embeddable":true,"href":"https:\/\/ia.gl\/kl\/wp-json\/wp\/v2\/tags?post=6456"}],"curies":[{"name":"wp","href":"https:\/\/api.w.org\/{rel}","templated":true}]}}