{"id":6454,"date":"2015-12-18T10:21:27","date_gmt":"2015-12-18T10:21:27","guid":{"rendered":"https:\/\/demo.ia.gl\/udtalelse-fra-inuit-ataqatigiit-sisimiuts-generalforsamling-d-6-december-2015\/"},"modified":"2024-07-14T20:46:04","modified_gmt":"2024-07-14T20:46:04","slug":"udtalelse-fra-inuit-ataqatigiit-sisimiuts-generalforsamling-d-6-december-2015","status":"publish","type":"post","link":"https:\/\/ia.gl\/kl\/udtalelse-fra-inuit-ataqatigiit-sisimiuts-generalforsamling-d-6-december-2015\/","title":{"rendered":"Udtalelse fra Inuit Ataqatigiit Sisimiut\u2019s generalforsamling d. 6. december 2015"},"content":{"rendered":"<p>Det vigtigste debatemne drejede sig om Naalakkersuisut\u00b4s bestr\u00e6belser p\u00e5 en aftrapning af Kangerlussuaq Lufthavn i Qeqqata Kommunia.<\/p>\n<p>Vi er fra SIA tilfredse med, at Inatsisartut p\u00e5 grundlag af deres bet\u00e6nkning har inddraget Kangerlussuaq i deres f\u00f8rste sonderinger, da det i modsat fald ville have betydet, at man allerede fra nu af ville p\u00e5begynde processen mod en nedl\u00e6ggelse af lufthavnen. Vi \u00f8nsker at samarbejde med Siumut Sisimiut, Atassut Sisimiut og Demokraterne med det form\u00e5l at iv\u00e6rks\u00e6tte handlingsorienterede initiativer. Vi opfordrer dem til at p\u00e5virke deres respektive organisationer og deres partier, som udg\u00f8r Naalakkersuisut med det form\u00e5l at bevare Kangerlussuaq som lufthavn. Hvis dette ikke realiseres er der ingen tvivl om, at det vil have have meget alvorlige konsekvenser for Qeqqata Kommunia.<\/p>\n<p>Ved afslutningen af Inatsisartut\u00b4s efter\u00e5rssamling er det v\u00e6rd at bem\u00e6rke, at vi her i landet g\u00f8r os parate til at udvinde uran. Har man spurgt befolkningen? Har man informeret borgerne om de mulige konsekvenser? At man totalt negligerer borgerne er uh\u00f8rt. Vi har i flere tilf\u00e6lde h\u00f8rt fra Siumut \u2026 \u201dv\u00e6lgerne har valgt os til at tage beslutninger p\u00e5 deres vegne\u201d. Kan det v\u00e6re rigtigt, at v\u00e6lgerne ved den sidste valgkamp til Inatsisartut har vidst, at vi skulle sige ja til uran? Hvis dette er tilf\u00e6ldet, har v\u00e6lgerne s\u00e5 ogs\u00e5 afgivet deres stemme og hermed afgjort, at Kangerlussuaq skal lukkes ned som den centrale lufthavn?<\/p>\n<p>Under den sidste valgkamp blev det under et v\u00e6lgerm\u00f8de i Kangerlussuaq gjort klart med hensyn til Siumut\u00b4s valgopl\u00e6g, at Kangerlussuaq\u00b4s fremtid skal forhandles med Qeqqata Kommunia, og i dag ved vi tydeligt hvad dette har betydet.<\/p>\n<p>Ligeledes blev det efter deres valg afgjort, at enlige pensionister ikke ville blive ber\u00f8rt ved en reform af pensionsordningerne? Vi kunne fremdrage flere eksempler. I Inuit Ataqatigiit\/Sisimiut er vi meget skuffede og \u00e6rgerlige over, at Inuit Ataqatigiit\u00b4s bestr\u00e6belser ikke har f\u00e5et st\u00f8tte fra koalitionen, eftersom vi betragter de enlige \u00e6ldre, som uden udsigt til at f\u00e5 et arbejde som de mest tr\u00e6ngende. Det burde v\u00e6re denne grupper mennesker, som skulle tilgodeses med et h\u00f8jere bidrag.<\/p>\n<p>Gennem vort arbejde i Qeqqata Kommunalbestyrelse har vi ved vort medlem under budgetforhandlingerne for 2016 bl.a. arbejdet for at opn\u00e5 en for\u00f8gelse af ansatte inden for b\u00f8rnep\u00e6dagogik. Vi har igennem det forl\u00f8bne \u00e5r 2015 arbejdet h\u00e5rdt for de b\u00f8rn, som p\u00e5 grund af omsorgssvigt ellers har et behov for personlig st\u00f8tte, og vi har indtr\u00e6ngende k\u00e6mpet for at n\u00e5 frem til en for\u00f8gelse af det n\u00f8dvendige personale. Vi er ikke i tvivl om at vi gennem en for\u00f8gelse af det n\u00f8dvendige personale til st\u00f8tte for b\u00f8rn og unge kan minimere udgifterne til foranstaltninger omkring anbringelser af b\u00f8rn uden for hjemmet.<\/p>\n<p>Vi \u00f8nsker til sidst at \u00f8nske borgerne i Qeqqata Kommunia en gl\u00e6delig jul og et godt nyt\u00e5r, og vi vil gerne takke de mennesker, der i \u00e5rets l\u00f8b har henvendt sig til os og givet os inspiration og p\u00e5 den m\u00e5de tilf\u00f8rt os kr\u00e6fter til at g\u00e5 videre med vort arbejde. Vi \u00f8nsker for jer, at det nye \u00e5r vil bringe sundhed og velf\u00e6rd for os alle.<\/p>\n<p>F\u00f8lgende blev valgt til bestyrelsen: Formand: Juliane Enoksen, n\u00e6stformand: Agathe Fontain, sekret\u00e6r: Eva Lynge, kasserer: Jenseeraq Ingemann, medlem af bestyrelsen: Niels Johansen.<\/p>\n","protected":false},"excerpt":{"rendered":"<p>Det vigtigste debatemne drejede sig om Naalakkersuisut\u00b4s bestr\u00e6belser p\u00e5 en aftrapning af Kangerlussuaq Lufthavn i Qeqqata Kommunia. Vi er fra SIA tilfredse med, at Inatsisartut p\u00e5 grundlag af deres bet\u00e6nkning har inddraget Kangerlussuaq i deres f\u00f8rste sonderinger, da det i modsat fald ville have betydet, at man allerede fra nu af ville p\u00e5begynde processen mod [&hellip;]<\/p>\n","protected":false},"author":1,"featured_media":461,"comment_status":"closed","ping_status":"closed","sticky":false,"template":"","format":"standard","meta":{"footnotes":""},"categories":[19],"tags":[],"class_list":["post-6454","post","type-post","status-publish","format-standard","has-post-thumbnail","hentry","category-seneste-nyheder-inuit-ataqatigiit"],"_links":{"self":[{"href":"https:\/\/ia.gl\/kl\/wp-json\/wp\/v2\/posts\/6454","targetHints":{"allow":["GET"]}}],"collection":[{"href":"https:\/\/ia.gl\/kl\/wp-json\/wp\/v2\/posts"}],"about":[{"href":"https:\/\/ia.gl\/kl\/wp-json\/wp\/v2\/types\/post"}],"author":[{"embeddable":true,"href":"https:\/\/ia.gl\/kl\/wp-json\/wp\/v2\/users\/1"}],"replies":[{"embeddable":true,"href":"https:\/\/ia.gl\/kl\/wp-json\/wp\/v2\/comments?post=6454"}],"version-history":[{"count":1,"href":"https:\/\/ia.gl\/kl\/wp-json\/wp\/v2\/posts\/6454\/revisions"}],"predecessor-version":[{"id":6455,"href":"https:\/\/ia.gl\/kl\/wp-json\/wp\/v2\/posts\/6454\/revisions\/6455"}],"wp:featuredmedia":[{"embeddable":true,"href":"https:\/\/ia.gl\/kl\/wp-json\/wp\/v2\/media\/461"}],"wp:attachment":[{"href":"https:\/\/ia.gl\/kl\/wp-json\/wp\/v2\/media?parent=6454"}],"wp:term":[{"taxonomy":"category","embeddable":true,"href":"https:\/\/ia.gl\/kl\/wp-json\/wp\/v2\/categories?post=6454"},{"taxonomy":"post_tag","embeddable":true,"href":"https:\/\/ia.gl\/kl\/wp-json\/wp\/v2\/tags?post=6454"}],"curies":[{"name":"wp","href":"https:\/\/api.w.org\/{rel}","templated":true}]}}