{"id":6350,"date":"2015-02-22T09:38:20","date_gmt":"2015-02-22T09:38:20","guid":{"rendered":"https:\/\/demo.ia.gl\/urene-linjer\/"},"modified":"2024-07-14T20:46:01","modified_gmt":"2024-07-14T20:46:01","slug":"urene-linjer","status":"publish","type":"post","link":"https:\/\/ia.gl\/kl\/urene-linjer\/","title":{"rendered":"Urene linjer"},"content":{"rendered":"<p>Formanden for Naalakkersuisut har nu forklaret sin version af miseren om landets \u00f8verste departementschefs krav til en folkevalgt om dementi.<\/p>\n<p>Inuit Ataqatigiit mener ikke at Formanden for Naalakkersuisuts forklaring g\u00f8r situationen bedre. Tv\u00e6rtimod. Et Naalakkersuisut kan ikke kr\u00e6ve noget af en folkevalgt, uanset hvilket parti vedkommende kommer fra eller hvilken post den folkevalgte har.<\/p>\n<p>Kim Kielsen kan selvf\u00f8lgeligt som Siumuts formand v\u00e6lge at bede Nick Nielsen om et dementi, hvis han mener det er berettiget. Men Kim Kielsen kan ikke som Formand for Naalakkersuisut bede en folkevalgt om noget og slet ikke via en af Selvstyrets embedsm\u00e6nd. Det er en grel sammenblanding af kasketter.<\/p>\n<p>Det tjener Formanden for Naalakkersuisut til \u00e6re, at han l\u00e6gger alt frem og ikke vil skjule sin handling. Vi vil nu klart bede om, at Formanden for Naalakkersuisut husker at han i den rolle ikke er politisk chef for de folkevalgte, men kun for sit Naalakkersuisut. Hvad han g\u00f8r som formand for sit parti blander vi os ikke i, men som Formand for Naalakkersuisut m\u00e5 man ikke bede sine embedsm\u00e6nd lave partivirksomhed. Det er derfor at de enkelte partier har partikontorer.<\/p>\n<p>Desv\u00e6rre viser situationen, at det har vist sig sv\u00e6rt for Formanden for Naalakkersuisut at leve op til sine egne ord om rene linjer.\u00a0Inuit Ataqatigiit fastholder, at det er en forkert praksis der straks b\u00f8r oph\u00f8rer og som m\u00e5 beklages.<\/p>\n<p>Agathe Fontain<\/p>\n<p>Gruppeformand<\/p>\n<p>Mobil 484531<\/p>\n","protected":false},"excerpt":{"rendered":"<p>Formanden for Naalakkersuisut har nu forklaret sin version af miseren om landets \u00f8verste departementschefs krav til en folkevalgt om dementi. Inuit Ataqatigiit mener ikke at Formanden for Naalakkersuisuts forklaring g\u00f8r situationen bedre. Tv\u00e6rtimod. Et Naalakkersuisut kan ikke kr\u00e6ve noget af en folkevalgt, uanset hvilket parti vedkommende kommer fra eller hvilken post den folkevalgte har. Kim [&hellip;]<\/p>\n","protected":false},"author":1,"featured_media":461,"comment_status":"closed","ping_status":"closed","sticky":false,"template":"","format":"standard","meta":{"footnotes":""},"categories":[19],"tags":[],"class_list":["post-6350","post","type-post","status-publish","format-standard","has-post-thumbnail","hentry","category-seneste-nyheder-inuit-ataqatigiit"],"_links":{"self":[{"href":"https:\/\/ia.gl\/kl\/wp-json\/wp\/v2\/posts\/6350","targetHints":{"allow":["GET"]}}],"collection":[{"href":"https:\/\/ia.gl\/kl\/wp-json\/wp\/v2\/posts"}],"about":[{"href":"https:\/\/ia.gl\/kl\/wp-json\/wp\/v2\/types\/post"}],"author":[{"embeddable":true,"href":"https:\/\/ia.gl\/kl\/wp-json\/wp\/v2\/users\/1"}],"replies":[{"embeddable":true,"href":"https:\/\/ia.gl\/kl\/wp-json\/wp\/v2\/comments?post=6350"}],"version-history":[{"count":1,"href":"https:\/\/ia.gl\/kl\/wp-json\/wp\/v2\/posts\/6350\/revisions"}],"predecessor-version":[{"id":6351,"href":"https:\/\/ia.gl\/kl\/wp-json\/wp\/v2\/posts\/6350\/revisions\/6351"}],"wp:featuredmedia":[{"embeddable":true,"href":"https:\/\/ia.gl\/kl\/wp-json\/wp\/v2\/media\/461"}],"wp:attachment":[{"href":"https:\/\/ia.gl\/kl\/wp-json\/wp\/v2\/media?parent=6350"}],"wp:term":[{"taxonomy":"category","embeddable":true,"href":"https:\/\/ia.gl\/kl\/wp-json\/wp\/v2\/categories?post=6350"},{"taxonomy":"post_tag","embeddable":true,"href":"https:\/\/ia.gl\/kl\/wp-json\/wp\/v2\/tags?post=6350"}],"curies":[{"name":"wp","href":"https:\/\/api.w.org\/{rel}","templated":true}]}}